{"id":113,"date":"2023-11-24T02:16:56","date_gmt":"2023-11-24T01:16:56","guid":{"rendered":"https:\/\/freizeitfokus.com\/?p=113"},"modified":"2023-11-24T02:16:56","modified_gmt":"2023-11-24T01:16:56","slug":"der-kalieber-wurst-adventskalender-2023-ist-da","status":"publish","type":"post","link":"https:\/\/freizeitfokus.com\/?p=113","title":{"rendered":"Der KALIEBER Wurst-Adventskalender 2023 ist da!"},"content":{"rendered":"\n<p>Lastrup\u00a0(ots)<\/p>\n\n\n\n<p>Auch in diesem Jahr m\u00fcssen Liebhaber von Wurst und Schinken nicht auf den kaliebrigen Adventskalender von Kalieber verzichten.<\/p>\n\n\n\n<p>Der Kalieber ADWURSTKALENDER ist f\u00fcr die \u00dcberbr\u00fcckung der Wartezeit bis zum Weihnachtsfest die perfekte Alternative f\u00fcr all diejenigen, die keinen Schokoladenkalender (mehr) wollen. Stattdessen gibt es 24x Wurst und Schinken aus eigener Produktion sowie zus\u00e4tzliche \u00dcberraschungen.<\/p>\n\n\n\n<p>Ob f\u00fcr sich ganz allein, die Familie, den Chef oder f\u00fcr gute Freunde &#8211; f\u00fcr jeden Geschmack ist etwas im Kalieber Wurst-Adventskalender dabei. Bew\u00e4hrte Klassiker, Ger\u00e4uchertes, Gereiftes, Eingewecktes, aber auch Neues aus der Kalieber-Kreativ-K\u00fcche. Dabei handelt es sich um kleine Ausf\u00fchrungen der Artikel &#8211; vom geschnittenen Schinken \u00fcber leckere Salamis bis hin zu kleinen Mahlzeiten im Gl\u00e4schen. Da kann selbst das Christkind nicht widerstehen!<\/p>\n\n\n\n<p>Der Kalieber ADWURSTKALENDER ist das Original schlechthin. Den Adventskalender mit Wurst- und Fleischwaren sowie originellen Leckereien gibt es bereits seit dem Jahr 2016.<\/p>\n\n\n\n<p>Der Inhalt ist ungek\u00fchlt mindestens bis zum 31. Januar 2024 haltbar.<\/p>\n\n\n\n<p>Alle Infos unter:&nbsp;<a target=\"_blank\" rel=\"noreferrer noopener\" href=\"https:\/\/www.kalieber.de\/adwurstkalender\">www.kalieber.de\/adwurstkalender<\/a><\/p>\n\n\n\n<p>KALIEBER &#8211; FLEISCHER HANDWERKSKUNST<\/p>\n\n\n\n<p>Kalieber wurde im Jahr 2015 durch Fleischermeisterin Sarah Dhem und Koch Mirko Dhem gegr\u00fcndet. Der gek\u00fchlte Frischeversand bringt Wurst- und Fleischwaren aus Tierwohlhaltung deutschlandweit bis an die Haust\u00fcr.<\/p>\n\n\n\n<p>Kalieber steht f\u00fcr traditionelle Fleischer Handwerkskunst. So r\u00fccken der bewusste Genuss, der urspr\u00fcngliche Geschmack von Fleisch sowie der wertsch\u00e4tzende Umgang mit einem wertvollen Rohstoff wieder in den Fokus. Geschmack, Qualit\u00e4t, Verarbeitung und Herkunft sollen wieder ausschlaggebend f\u00fcr den Kauf werden.<\/p>\n\n\n\n<p>Zur wertsch\u00e4tzenden Behandlung von Tieren geh\u00f6rt der stetige Austausch mit den verantwortlichen Landwirten und den Schlachth\u00f6fen. Unter dem Hashtag #wirkennendenlandwirt stellt sich Kalieber transparent den Themen Tierwohl, Haltung undfaire Preise. Jeder Partner soll von seinem Betrieb leben k\u00f6nnen, damit der Kunde mit gutem Gewissen Wurst und Fleisch genie\u00dfen kann.<\/p>\n","protected":false},"excerpt":{"rendered":"<p>Lastrup\u00a0(ots) Auch in diesem Jahr m\u00fcssen Liebhaber von Wurst und Schinken nicht auf den kaliebrigen Adventskalender von Kalieber verzichten. Der Kalieber ADWURSTKALENDER ist f\u00fcr die \u00dcberbr\u00fcckung der Wartezeit bis zum [&hellip;]<\/p>\n","protected":false},"author":1,"featured_media":114,"comment_status":"open","ping_status":"open","sticky":false,"template":"","format":"standard","meta":{"_price":"","_stock":"","_tribe_ticket_header":"","_tribe_default_ticket_provider":"","_tribe_ticket_capacity":"0","_ticket_start_date":"","_ticket_end_date":"","_tribe_ticket_show_description":"","_tribe_ticket_show_not_going":false,"_tribe_ticket_use_global_stock":"","_tribe_ticket_global_stock_level":"","_global_stock_mode":"","_global_stock_cap":"","_tribe_rsvp_for_event":"","_tribe_ticket_going_count":"","_tribe_ticket_not_going_count":"","_tribe_tickets_list":"[]","_tribe_ticket_has_attendee_info_fields":false,"_jetpack_memberships_contains_paid_content":false,"footnotes":"","jetpack_publicize_message":"","jetpack_publicize_feature_enabled":true,"jetpack_social_post_already_shared":false,"jetpack_social_options":{"image_generator_settings":{"template":"highway","default_image_id":0,"font":"","enabled":false},"version":2},"_tec_slr_enabled":"","_tec_slr_layout":""},"categories":[27],"tags":[],"class_list":["post-113","post","type-post","status-publish","format-standard","has-post-thumbnail","hentry","category-kurioses"],"yoast_head":"<!-- This site is optimized with the Yoast SEO plugin v27.5 - https:\/\/yoast.com\/product\/yoast-seo-wordpress\/ -->\n<title>Der KALIEBER Wurst-Adventskalender 2023 ist da! - Freizeit Fokus<\/title>\n<meta name=\"robots\" content=\"index, follow, max-snippet:-1, max-image-preview:large, max-video-preview:-1\" \/>\n<link rel=\"canonical\" href=\"https:\/\/freizeitfokus.com\/?p=113\" \/>\n<meta property=\"og:locale\" content=\"de_DE\" \/>\n<meta property=\"og:type\" content=\"article\" \/>\n<meta property=\"og:title\" content=\"Der KALIEBER Wurst-Adventskalender 2023 ist da! - Freizeit Fokus\" \/>\n<meta property=\"og:description\" content=\"Lastrup\u00a0(ots) Auch in diesem Jahr m\u00fcssen Liebhaber von Wurst und Schinken nicht auf den kaliebrigen Adventskalender von Kalieber verzichten. Der Kal\" \/>\n<meta property=\"og:url\" content=\"https:\/\/freizeitfokus.com\/?p=113\" \/>\n<meta property=\"og:site_name\" content=\"Freizeit Fokus\" \/>\n<meta property=\"article:published_time\" content=\"2023-11-24T01:16:56+00:00\" \/>\n<meta property=\"og:image\" content=\"https:\/\/freizeitfokus.com\/wp-content\/uploads\/2023\/11\/Gruenderin-Geschaeftsfuehrerin-Sarah-Dhem-scaled.jpg\" \/>\n\t<meta property=\"og:image:width\" content=\"2560\" \/>\n\t<meta property=\"og:image:height\" content=\"1708\" \/>\n\t<meta property=\"og:image:type\" content=\"image\/jpeg\" \/>\n<meta name=\"author\" content=\"KaPeHo\" \/>\n<meta name=\"twitter:card\" content=\"summary_large_image\" \/>\n<meta name=\"twitter:label1\" content=\"Verfasst von\" \/>\n\t<meta name=\"twitter:data1\" content=\"KaPeHo\" \/>\n\t<meta name=\"twitter:label2\" content=\"Gesch\u00e4tzte Lesezeit\" \/>\n\t<meta name=\"twitter:data2\" content=\"2\u00a0Minuten\" \/>\n<script type=\"application\/ld+json\" class=\"yoast-schema-graph\">{\"@context\":\"https:\\\/\\\/schema.org\",\"@graph\":[{\"@type\":\"Article\",\"@id\":\"https:\\\/\\\/freizeitfokus.com\\\/?p=113#article\",\"isPartOf\":{\"@id\":\"https:\\\/\\\/freizeitfokus.com\\\/?p=113\"},\"author\":{\"name\":\"KaPeHo\",\"@id\":\"https:\\\/\\\/freizeitfokus.com\\\/#\\\/schema\\\/person\\\/11261ffb375eb6af471063d917fd2cd2\"},\"headline\":\"Der KALIEBER Wurst-Adventskalender 2023 ist da!\",\"datePublished\":\"2023-11-24T01:16:56+00:00\",\"mainEntityOfPage\":{\"@id\":\"https:\\\/\\\/freizeitfokus.com\\\/?p=113\"},\"wordCount\":312,\"commentCount\":0,\"image\":{\"@id\":\"https:\\\/\\\/freizeitfokus.com\\\/?p=113#primaryimage\"},\"thumbnailUrl\":\"https:\\\/\\\/freizeitfokus.com\\\/wp-content\\\/uploads\\\/2023\\\/11\\\/Gruenderin-Geschaeftsfuehrerin-Sarah-Dhem-scaled.jpg\",\"articleSection\":[\"Kurioses\"],\"inLanguage\":\"de\",\"potentialAction\":[{\"@type\":\"CommentAction\",\"name\":\"Comment\",\"target\":[\"https:\\\/\\\/freizeitfokus.com\\\/?p=113#respond\"]}]},{\"@type\":\"WebPage\",\"@id\":\"https:\\\/\\\/freizeitfokus.com\\\/?p=113\",\"url\":\"https:\\\/\\\/freizeitfokus.com\\\/?p=113\",\"name\":\"Der KALIEBER Wurst-Adventskalender 2023 ist da! - Freizeit Fokus\",\"isPartOf\":{\"@id\":\"https:\\\/\\\/freizeitfokus.com\\\/#website\"},\"primaryImageOfPage\":{\"@id\":\"https:\\\/\\\/freizeitfokus.com\\\/?p=113#primaryimage\"},\"image\":{\"@id\":\"https:\\\/\\\/freizeitfokus.com\\\/?p=113#primaryimage\"},\"thumbnailUrl\":\"https:\\\/\\\/freizeitfokus.com\\\/wp-content\\\/uploads\\\/2023\\\/11\\\/Gruenderin-Geschaeftsfuehrerin-Sarah-Dhem-scaled.jpg\",\"datePublished\":\"2023-11-24T01:16:56+00:00\",\"author\":{\"@id\":\"https:\\\/\\\/freizeitfokus.com\\\/#\\\/schema\\\/person\\\/11261ffb375eb6af471063d917fd2cd2\"},\"breadcrumb\":{\"@id\":\"https:\\\/\\\/freizeitfokus.com\\\/?p=113#breadcrumb\"},\"inLanguage\":\"de\",\"potentialAction\":[{\"@type\":\"ReadAction\",\"target\":[\"https:\\\/\\\/freizeitfokus.com\\\/?p=113\"]}]},{\"@type\":\"ImageObject\",\"inLanguage\":\"de\",\"@id\":\"https:\\\/\\\/freizeitfokus.com\\\/?p=113#primaryimage\",\"url\":\"https:\\\/\\\/freizeitfokus.com\\\/wp-content\\\/uploads\\\/2023\\\/11\\\/Gruenderin-Geschaeftsfuehrerin-Sarah-Dhem-scaled.jpg\",\"contentUrl\":\"https:\\\/\\\/freizeitfokus.com\\\/wp-content\\\/uploads\\\/2023\\\/11\\\/Gruenderin-Geschaeftsfuehrerin-Sarah-Dhem-scaled.jpg\",\"width\":2560,\"height\":1708,\"caption\":\"Gr\u00fcnderin, Gesch\u00e4ftsf\u00fchrerin &amp; Fleischermeisterin Sarah Dhem \\\/ Weiterer Text \u00fcber ots und www.presseportal.de\\\/nr\\\/132286 \\\/ Die Verwendung dieses Bildes f\u00fcr redaktionelle Zwecke ist unter Beachtung aller mitgeteilten Nutzungsbedingungen zul\u00e4ssig und dann auch honorarfrei. Ver\u00f6ffentlichung ausschlie\u00dflich mit Bildrechte-Hinweis.\"},{\"@type\":\"BreadcrumbList\",\"@id\":\"https:\\\/\\\/freizeitfokus.com\\\/?p=113#breadcrumb\",\"itemListElement\":[{\"@type\":\"ListItem\",\"position\":1,\"name\":\"Home\",\"item\":\"https:\\\/\\\/freizeitfokus.com\\\/\"},{\"@type\":\"ListItem\",\"position\":2,\"name\":\"Der KALIEBER Wurst-Adventskalender 2023 ist da!\"}]},{\"@type\":\"WebSite\",\"@id\":\"https:\\\/\\\/freizeitfokus.com\\\/#website\",\"url\":\"https:\\\/\\\/freizeitfokus.com\\\/\",\"name\":\"Freizeit Fokus\",\"description\":\"Dein unabh\u00e4ngiges Online-Magazin f\u00fcr Erlebnisse und Freizeit\",\"potentialAction\":[{\"@type\":\"SearchAction\",\"target\":{\"@type\":\"EntryPoint\",\"urlTemplate\":\"https:\\\/\\\/freizeitfokus.com\\\/?s={search_term_string}\"},\"query-input\":{\"@type\":\"PropertyValueSpecification\",\"valueRequired\":true,\"valueName\":\"search_term_string\"}}],\"inLanguage\":\"de\"},{\"@type\":\"Person\",\"@id\":\"https:\\\/\\\/freizeitfokus.com\\\/#\\\/schema\\\/person\\\/11261ffb375eb6af471063d917fd2cd2\",\"name\":\"KaPeHo\",\"image\":{\"@type\":\"ImageObject\",\"inLanguage\":\"de\",\"@id\":\"https:\\\/\\\/secure.gravatar.com\\\/avatar\\\/2136294956f210af857ae84ebbbd49e091f45791b0cfdcdc7ee3d8232d67a99d?s=96&r=g&d=https:\\\/\\\/freizeitfokus.com\\\/wp-content\\\/plugins\\\/userswp\\\/assets\\\/images\\\/no_profile.png\",\"url\":\"https:\\\/\\\/secure.gravatar.com\\\/avatar\\\/2136294956f210af857ae84ebbbd49e091f45791b0cfdcdc7ee3d8232d67a99d?s=96&r=g&d=https:\\\/\\\/freizeitfokus.com\\\/wp-content\\\/plugins\\\/userswp\\\/assets\\\/images\\\/no_profile.png\",\"contentUrl\":\"https:\\\/\\\/secure.gravatar.com\\\/avatar\\\/2136294956f210af857ae84ebbbd49e091f45791b0cfdcdc7ee3d8232d67a99d?s=96&r=g&d=https:\\\/\\\/freizeitfokus.com\\\/wp-content\\\/plugins\\\/userswp\\\/assets\\\/images\\\/no_profile.png\",\"caption\":\"KaPeHo\"},\"sameAs\":[\"https:\\\/\\\/freizeitfokus.com\"],\"url\":\"https:\\\/\\\/freizeitfokus.com\\\/?page_id=37059\\\/kapeho\"}]}<\/script>\n<!-- \/ Yoast SEO plugin. -->","yoast_head_json":{"title":"Der KALIEBER Wurst-Adventskalender 2023 ist da! - Freizeit Fokus","robots":{"index":"index","follow":"follow","max-snippet":"max-snippet:-1","max-image-preview":"max-image-preview:large","max-video-preview":"max-video-preview:-1"},"canonical":"https:\/\/freizeitfokus.com\/?p=113","og_locale":"de_DE","og_type":"article","og_title":"Der KALIEBER Wurst-Adventskalender 2023 ist da! - Freizeit Fokus","og_description":"Lastrup\u00a0(ots) Auch in diesem Jahr m\u00fcssen Liebhaber von Wurst und Schinken nicht auf den kaliebrigen Adventskalender von Kalieber verzichten. Der Kal","og_url":"https:\/\/freizeitfokus.com\/?p=113","og_site_name":"Freizeit Fokus","article_published_time":"2023-11-24T01:16:56+00:00","og_image":[{"width":2560,"height":1708,"url":"https:\/\/freizeitfokus.com\/wp-content\/uploads\/2023\/11\/Gruenderin-Geschaeftsfuehrerin-Sarah-Dhem-scaled.jpg","type":"image\/jpeg"}],"author":"KaPeHo","twitter_card":"summary_large_image","twitter_misc":{"Verfasst von":"KaPeHo","Gesch\u00e4tzte Lesezeit":"2\u00a0Minuten"},"schema":{"@context":"https:\/\/schema.org","@graph":[{"@type":"Article","@id":"https:\/\/freizeitfokus.com\/?p=113#article","isPartOf":{"@id":"https:\/\/freizeitfokus.com\/?p=113"},"author":{"name":"KaPeHo","@id":"https:\/\/freizeitfokus.com\/#\/schema\/person\/11261ffb375eb6af471063d917fd2cd2"},"headline":"Der KALIEBER Wurst-Adventskalender 2023 ist da!","datePublished":"2023-11-24T01:16:56+00:00","mainEntityOfPage":{"@id":"https:\/\/freizeitfokus.com\/?p=113"},"wordCount":312,"commentCount":0,"image":{"@id":"https:\/\/freizeitfokus.com\/?p=113#primaryimage"},"thumbnailUrl":"https:\/\/freizeitfokus.com\/wp-content\/uploads\/2023\/11\/Gruenderin-Geschaeftsfuehrerin-Sarah-Dhem-scaled.jpg","articleSection":["Kurioses"],"inLanguage":"de","potentialAction":[{"@type":"CommentAction","name":"Comment","target":["https:\/\/freizeitfokus.com\/?p=113#respond"]}]},{"@type":"WebPage","@id":"https:\/\/freizeitfokus.com\/?p=113","url":"https:\/\/freizeitfokus.com\/?p=113","name":"Der KALIEBER Wurst-Adventskalender 2023 ist da! - Freizeit Fokus","isPartOf":{"@id":"https:\/\/freizeitfokus.com\/#website"},"primaryImageOfPage":{"@id":"https:\/\/freizeitfokus.com\/?p=113#primaryimage"},"image":{"@id":"https:\/\/freizeitfokus.com\/?p=113#primaryimage"},"thumbnailUrl":"https:\/\/freizeitfokus.com\/wp-content\/uploads\/2023\/11\/Gruenderin-Geschaeftsfuehrerin-Sarah-Dhem-scaled.jpg","datePublished":"2023-11-24T01:16:56+00:00","author":{"@id":"https:\/\/freizeitfokus.com\/#\/schema\/person\/11261ffb375eb6af471063d917fd2cd2"},"breadcrumb":{"@id":"https:\/\/freizeitfokus.com\/?p=113#breadcrumb"},"inLanguage":"de","potentialAction":[{"@type":"ReadAction","target":["https:\/\/freizeitfokus.com\/?p=113"]}]},{"@type":"ImageObject","inLanguage":"de","@id":"https:\/\/freizeitfokus.com\/?p=113#primaryimage","url":"https:\/\/freizeitfokus.com\/wp-content\/uploads\/2023\/11\/Gruenderin-Geschaeftsfuehrerin-Sarah-Dhem-scaled.jpg","contentUrl":"https:\/\/freizeitfokus.com\/wp-content\/uploads\/2023\/11\/Gruenderin-Geschaeftsfuehrerin-Sarah-Dhem-scaled.jpg","width":2560,"height":1708,"caption":"Gr\u00fcnderin, Gesch\u00e4ftsf\u00fchrerin &amp; Fleischermeisterin Sarah Dhem \/ Weiterer Text \u00fcber ots und www.presseportal.de\/nr\/132286 \/ Die Verwendung dieses Bildes f\u00fcr redaktionelle Zwecke ist unter Beachtung aller mitgeteilten Nutzungsbedingungen zul\u00e4ssig und dann auch honorarfrei. Ver\u00f6ffentlichung ausschlie\u00dflich mit Bildrechte-Hinweis."},{"@type":"BreadcrumbList","@id":"https:\/\/freizeitfokus.com\/?p=113#breadcrumb","itemListElement":[{"@type":"ListItem","position":1,"name":"Home","item":"https:\/\/freizeitfokus.com\/"},{"@type":"ListItem","position":2,"name":"Der KALIEBER Wurst-Adventskalender 2023 ist da!"}]},{"@type":"WebSite","@id":"https:\/\/freizeitfokus.com\/#website","url":"https:\/\/freizeitfokus.com\/","name":"Freizeit Fokus","description":"Dein unabh\u00e4ngiges Online-Magazin f\u00fcr Erlebnisse und Freizeit","potentialAction":[{"@type":"SearchAction","target":{"@type":"EntryPoint","urlTemplate":"https:\/\/freizeitfokus.com\/?s={search_term_string}"},"query-input":{"@type":"PropertyValueSpecification","valueRequired":true,"valueName":"search_term_string"}}],"inLanguage":"de"},{"@type":"Person","@id":"https:\/\/freizeitfokus.com\/#\/schema\/person\/11261ffb375eb6af471063d917fd2cd2","name":"KaPeHo","image":{"@type":"ImageObject","inLanguage":"de","@id":"https:\/\/secure.gravatar.com\/avatar\/2136294956f210af857ae84ebbbd49e091f45791b0cfdcdc7ee3d8232d67a99d?s=96&r=g&d=https:\/\/freizeitfokus.com\/wp-content\/plugins\/userswp\/assets\/images\/no_profile.png","url":"https:\/\/secure.gravatar.com\/avatar\/2136294956f210af857ae84ebbbd49e091f45791b0cfdcdc7ee3d8232d67a99d?s=96&r=g&d=https:\/\/freizeitfokus.com\/wp-content\/plugins\/userswp\/assets\/images\/no_profile.png","contentUrl":"https:\/\/secure.gravatar.com\/avatar\/2136294956f210af857ae84ebbbd49e091f45791b0cfdcdc7ee3d8232d67a99d?s=96&r=g&d=https:\/\/freizeitfokus.com\/wp-content\/plugins\/userswp\/assets\/images\/no_profile.png","caption":"KaPeHo"},"sameAs":["https:\/\/freizeitfokus.com"],"url":"https:\/\/freizeitfokus.com\/?page_id=37059\/kapeho"}]}},"jetpack_publicize_connections":[],"jetpack_featured_media_url":"https:\/\/freizeitfokus.com\/wp-content\/uploads\/2023\/11\/Gruenderin-Geschaeftsfuehrerin-Sarah-Dhem-scaled.jpg","jetpack_sharing_enabled":true,"ticketed":false,"_links":{"self":[{"href":"https:\/\/freizeitfokus.com\/index.php?rest_route=\/wp\/v2\/posts\/113","targetHints":{"allow":["GET"]}}],"collection":[{"href":"https:\/\/freizeitfokus.com\/index.php?rest_route=\/wp\/v2\/posts"}],"about":[{"href":"https:\/\/freizeitfokus.com\/index.php?rest_route=\/wp\/v2\/types\/post"}],"author":[{"embeddable":true,"href":"https:\/\/freizeitfokus.com\/index.php?rest_route=\/wp\/v2\/users\/1"}],"replies":[{"embeddable":true,"href":"https:\/\/freizeitfokus.com\/index.php?rest_route=%2Fwp%2Fv2%2Fcomments&post=113"}],"version-history":[{"count":0,"href":"https:\/\/freizeitfokus.com\/index.php?rest_route=\/wp\/v2\/posts\/113\/revisions"}],"wp:featuredmedia":[{"embeddable":true,"href":"https:\/\/freizeitfokus.com\/index.php?rest_route=\/wp\/v2\/media\/114"}],"wp:attachment":[{"href":"https:\/\/freizeitfokus.com\/index.php?rest_route=%2Fwp%2Fv2%2Fmedia&parent=113"}],"wp:term":[{"taxonomy":"category","embeddable":true,"href":"https:\/\/freizeitfokus.com\/index.php?rest_route=%2Fwp%2Fv2%2Fcategories&post=113"},{"taxonomy":"post_tag","embeddable":true,"href":"https:\/\/freizeitfokus.com\/index.php?rest_route=%2Fwp%2Fv2%2Ftags&post=113"}],"curies":[{"name":"wp","href":"https:\/\/api.w.org\/{rel}","templated":true}]}}