{"id":240,"date":"2024-04-04T14:17:52","date_gmt":"2024-04-04T12:17:52","guid":{"rendered":"https:\/\/freizeitfokus.com\/?p=240"},"modified":"2024-04-04T14:17:59","modified_gmt":"2024-04-04T12:17:59","slug":"fuer-menschen-mit-schmetterlingskrankheitneue-initiative-mit-ersten-loesungsansaetzen-fuer-bessere-vernetzung-und-versorgung","status":"publish","type":"post","link":"https:\/\/freizeitfokus.com\/?p=240","title":{"rendered":"F\u00fcr Menschen mit SchmetterlingskrankheitNeue Initiative mit ersten L\u00f6sungsans\u00e4tzen f\u00fcr bessere Vernetzung und Versorgung"},"content":{"rendered":"\n<p>Mehr Lebensqualit\u00e4t und eine bessere Versorgung f\u00fcr Menschen mit der seltenen Schmetterlingskrankheit: So lauten die Ziele einer neuen Initiative, deren Mitglieder Ende Januar erstmals zusammengekommen sind. Auf Initiative von Amryt Pharma, seit Beginn des Jahres im Gesch\u00e4ftsbereich &#8222;Seltene Erkrankungen&#8220; von Chiesi Deutschland integriert\u00b0, trafen sich Patient*innen, ihre Angeh\u00f6rigen, Selbsthilfegruppen aus Deutschland, \u00d6sterreich und der Schweiz, Vertreter medizinischer Fachdisziplinen sowie Unternehmen aus den Bereichen Pharma und (h\u00e4usliche) Wundversorgung. Sie identifizierten und diskutierten w\u00e4hrend des zweit\u00e4gigen Arbeitstreffens aus ihren unterschiedlichen Blickwinkeln heraus erste L\u00f6sungsans\u00e4tze, die sich unabh\u00e4ngig von den Strukturen des Gesundheitssystems in die Wege leiten und vorantreiben lassen.<\/p>\n\n\n\n<p><strong>Perspektiven und Ma\u00dfnahmen im DACH-Raum<\/strong><\/p>\n\n\n\n<p>Zum Auftakt diskutierten die Teilnehmer*innen die aktuelle Versorgungsstruktur f\u00fcr EB-Patient*innen in Deutschland. Die Ergebnisse einer umfangreichen Studie zur Erfahrung von Patient*innen mit EB wurden pr\u00e4sentiert und besprochen und mit den pers\u00f6nlichen Erfahrungen der teilnehmenden Betroffenen erg\u00e4nzt. Daraus wurde ersichtlich, dass die aktuellen Versorgungs- und Studienstrukturen zu l\u00fcckenhaft und heterogen sind, um den Behandlungsbedarfen von EB-Patient*innen gerecht zu werden. Vertreter der Selbsthilfegruppen erg\u00e4nzten mit weiteren Berichten zur Lage in Deutschland, \u00d6sterreich und der Schweiz. Verbesserungsbedarf sahen alle in der Zusammenarbeit der einzelnen Stakeholder untereinander, der Awareness f\u00fcr EB, der Information \u00fcber Behandlungsm\u00f6glichkeiten der schwerwiegenden Multisystem-Erkrankung und der Ausarbeitung gemeinsamer L\u00f6sungen unabh\u00e4ngig vom Gesundheitssystem und \u00e4hnlich der erfolgreichen Initiative in \u00d6sterreich bis zur Gr\u00fcndung des EB-Hauses in Salzburg. Um den ermittelten Bedarf anzugehen, hat die Interessengemeinschaft Epidermolysis Bullosa e. V. DEBRA Deutschland f\u00fcr sich entschieden, die folgenden kurz- und mittelfristigen Ma\u00dfnahmen anzugehen:<\/p>\n\n\n\n<ul class=\"wp-block-list\">\n<li>Schaffung einer Vollzeit-Stelle bei der DEBRA Deutschland<\/li>\n\n\n\n<li>Information und Aufkl\u00e4rung zu EB in Deutschland unter Nutzung vorhandener Kampagnen-Materialien und Erfahrungen der DEBRA Austria (\u00d6sterreich)<\/li>\n\n\n\n<li>Sammlung und Strukturierung von nationalen und internationalen Ausbildungsangeboten auf der DEBRA Deutschland-Website<\/li>\n\n\n\n<li>Erarbeitung einer \u00dcbersicht zu aktuell vorhandenen Versorgungsangeboten in Deutschland (Zentren, \u00c4rztinnen\/\u00c4rzte, Wundversorger, Homecare-Unternehmen, etc) auf der DEBRA Deutschland-Website<\/li>\n<\/ul>\n\n\n\n<p><em>&#8222;Ich bin sehr dankbar f\u00fcr diese Initiative. Es ist eine gro\u00dfe Chance, dass sich hier so viele unterschiedliche Gruppen an einen Tisch gesetzt, sich auf konkrete erste Schritte zur Verbesserung der Versorgung von EB-Betroffenen verst\u00e4ndigt und eine langfristige Mitarbeit in der Initiative avisiert haben. Das ist ein riesiger Schritt in die richtige Richtung&#8220;<\/em>, so das Fazit von Andreas Miller, selbst Patient und stellvertretender Vorsitzender der DEBRA Deutschland.<\/p>\n\n\n\n<p>Um Kontinuit\u00e4t zu gew\u00e4hrleisten, soll es regelm\u00e4\u00dfige virtuelle Updates sowie mindestens ein pers\u00f6nliches Treffen pro Jahr geben. Dazu sollen auch weitere Organisationen sowie Krankenkassen eingeladen werden.<\/p>\n\n\n\n<p><strong>Haut, so empfindlich wie ein Schmetterlingsfl\u00fcgel<\/strong><\/p>\n\n\n\n<p>Fachlich korrekt hei\u00dft die Schmetterlingskrankheit Epidermolysis bullosa, kurz EB. Die deutsche \u00dcbersetzung, &#8222;blasenf\u00f6rmige Abl\u00f6sung der Haut&#8220;, h\u00f6rt sich schlimm an &#8211; und ist es auch: Bei der angeborenen seltenen Erkrankung ist die Haut &#8211; wie die Schmetterlingsfl\u00fcgel &#8211; besonders verletzlich. Schon bei leichtem Druck oder Reibung entstehen Blasen und z.T. gro\u00dffl\u00e4chige Wunden, die zu Narbenbildung und oftmals starken Schmerzen f\u00fchren. Ursache ist eine genetisch bedingte, fehlerhafte Synthese von Eiwei\u00dfstoffen, die f\u00fcr den Zusammenhalt der Hautschichten zust\u00e4ndig sind. M\u00f6gliche Folgen sind unter anderem Unterern\u00e4hrung, Verwachsungen von Fingern und Zehen, Bewegungseinschr\u00e4nkungen bis hin zu schweren Behinderungen und Hautkrebs. In Europa wird die Zahl der Menschen mit Epidermolysis bullosa auf ca. 30.0001 gesch\u00e4tzt, davon mindestens 2.000 in Deutschland2. EB ist bislang nicht heilbar.<\/p>\n\n\n\n<p><strong>Wenige Zentren, unsichere Finanzierung, l\u00fcckenhaftes Wissen im Gesundheitswesen<\/strong><\/p>\n\n\n\n<p>Aber dass die Versorgung von EB-Patient*innen in Deutschland zeitnah verbessert werden muss, war Konsens bei den Teilnehmerinnen und Teilnehmern des Treffens in Frankfurt. Denn aktuell sto\u00dfen die entsprechenden Strukturen des Gesundheitswesens f\u00fcr alle Beteiligten an Grenzen. Die Betroffenen leiden nicht nur an der Krankheit selbst, sondern auch am oft l\u00fcckenhaften Wissen der Behandelnden \u00fcber EB, an der erschwerten Versorgung mit den notwendigen speziellen Verbandsstoffen und mit Medikamenten zur Beschleunigung der Wundheilung sowie an weiten Wegen zu den Zentren.<\/p>\n\n\n\n<p>F\u00fcr eine effektive Versorgung muss sich medizinisches Fachpersonal mit den Besonderheiten der EB-Wundbehandlung auskennen und mehr Zeit mitbringen als unter den aktuellen medizinischen und gesundheitsrechtlichen Bedingungen realisierbar: ein Verbandswechsel dauert zum Teil bis zu 4 Stunden und das oft t\u00e4glich. Die begrenzte Anzahl von Zentren und Klinikambulanzen in Deutschland, die sich um EB-Betroffene k\u00fcmmern, bem\u00fcht sich unabl\u00e4ssig um alternative Wege innerhalb dieser vorgegebenen Strukturen, um die Bed\u00fcrfnisse der Betroffenen zu adressieren.<\/p>\n\n\n\n<p><strong>Erste L\u00f6sungsans\u00e4tze: Angehen, was machbar ist<\/strong><\/p>\n\n\n\n<p>Konsens war, sich besser zu vernetzten und auf L\u00f6sungsans\u00e4tze zu fokussieren, die man gemeinsam mit den Teilnehmenden des Treffens und zun\u00e4chst unabh\u00e4ngig von den Strukturen des Gesundheitssystems in die Wege leiten und vorantreiben kann. Vorbild f\u00fcr diesen Ansatz ist der Weg von den ersten Initiativen in \u00d6sterreich bis zur Gr\u00fcndung des EB-Hauses am Salzburger Universit\u00e4tsklinikum. Das EB-Haus Austria als weltweit erste spezialisierte EB-Klinik erm\u00f6glicht es, zum einen Expertise zu b\u00fcndeln und zum anderen f\u00fcr weitere Behandlungen die Ressourcen im Klinikumfeld zu nutzen. In \u00d6sterreich gelang die komplette Finanzierung aus Spenden, was Unabh\u00e4ngigkeit von der Planung bis zur Fertigstellung gew\u00e4hrleistete und heute die Kosten f\u00fcr den laufenden Betrieb deckt.<\/p>\n\n\n\n<p><strong>Websites der nationalen Patientenorganisationen:<\/strong><\/p>\n\n\n\n<ul class=\"wp-block-list\">\n<li>DEBRA Deutschland: <a class=\"uri-ext outbound\" href=\"https:\/\/www.ieb-debra.de\" target=\"_blank\" rel=\"noreferrer noopener\">https:\/\/www.ieb-debra.de<\/a><\/li>\n\n\n\n<li>DEBRA Austria: <a class=\"uri-ext outbound\" href=\"https:\/\/www.debra-austria.org\" target=\"_blank\" rel=\"noreferrer noopener\">https:\/\/www.debra-austria.org<\/a><\/li>\n\n\n\n<li>DEBRA Schweiz: <a class=\"uri-ext outbound\" href=\"https:\/\/www.schmetterlingskinder.ch\" target=\"_blank\" rel=\"noreferrer noopener\">https:\/\/www.schmetterlingskinder.ch<\/a><\/li>\n<\/ul>\n\n\n\n<p><strong>Weitere Websites:<\/strong><\/p>\n\n\n\n<ul class=\"wp-block-list\">\n<li>Informationen und Services zu EB: <a class=\"uri-ext outbound\" href=\"https:\/\/eb-netcare.com\/\" target=\"_blank\" rel=\"noreferrer noopener\">https:\/\/eb-netcare.com\/<\/a><\/li>\n\n\n\n<li>Leben mit EB: <a class=\"uri-ext outbound\" href=\"https:\/\/eb-netcare.com\/livingwitheb\" target=\"_blank\" rel=\"noreferrer noopener\">https:\/\/eb-netcare.com\/livingwitheb<\/a><\/li>\n<\/ul>\n\n\n\n<p>\u00b0 2024 erweiterte Chiesi Deutschland mit der Integration von Amryt Pharma sein Portfolio im Gesch\u00e4ftsbereich Rare Diseases um die Indikationen Lipodystrophie, homozygote famili\u00e4re Hypercholesterin\u00e4mie und Epidermolysis Bullosa. Chiesi verst\u00e4rkt damit sein Engagement f\u00fcr Menschen mit seltenen Erkrankungen und ihre Angeh\u00f6rigen mit dem Ziel, eine optimale Versorgung zu erreichen und sie ganzheitlich zu unterst\u00fctzen.<\/p>\n\n\n\n<p><strong>Die Chiesi Gruppe<\/strong><\/p>\n\n\n\n<p>Chiesi entwickelt und vermarktet als internationale, forschungsorientierte, biopharmazeutische Gruppe innovative medikament\u00f6se sowie nicht-medikament\u00f6se L\u00f6sungen. Dabei unterscheidet Chiesi drei Unternehmensbereiche: <strong>AIR<\/strong>, Produkte und Dienstleistungen im Zusammenhang mit Atemwegserkrankungen; <strong>RARE<\/strong>, die Behandlung von Patient*innen mit seltenen und sehr seltenen Erkrankungen und <strong>CARE<\/strong>, Medikamente f\u00fcr transplantierte Menschen. Der Bereich Care beinhaltet ebenfalls Produkte f\u00fcr die Selbstmedikation, wie apothekenpflichtige Arzneimittel, Kosmetika und Nahrungserg\u00e4nzungsmittel.<\/p>\n\n\n\n<p>Das Unternehmen verfolgt die Mission, die Lebensqualit\u00e4t der Menschen zu verbessern und dabei verantwortungsvoll gegen\u00fcber Gesellschaft und Umwelt zu handeln. Durch die \u00c4nderung des Rechtsstatus in eine Benefit Corporation in den L\u00e4ndern, in denen es m\u00f6glich ist (Italien, den USA und Frankreich), ist das Engagement von Chiesi &#8211; mit dem Ziel, gemeinsame Werte f\u00fcr die Gesellschaft als Ganzes zu stiften &#8211; rechtsverbindlich und von zentraler Bedeutung f\u00fcr die unternehmensweite Entscheidungsfindung. Seit 2019 ist Chiesi als B Corp zertifiziert. Diese Zertifizierung stellt sicher, dass Chiesis nachhaltige Unternehmensf\u00fchrung anhand unabh\u00e4ngiger globaler Standards gemessen, bewertet sowie stetig verbessert wird. Das Unternehmen setzt sich zum Ziel, bis 2035 Net-Zero-Emissionen zu erreichen (Scope 1-3). Bem\u00fchungen zu dieser Zielsetzung werden transparent via der Internetseite <a target=\"_blank\" class=\"uri-ext outbound\" rel=\"noreferrer noopener\" href=\"https:\/\/actionoverwords.org\/de\/\">https:\/\/actionoverwords.org\/de\/<\/a> kommuniziert.<\/p>\n\n\n\n<p>Mit \u00fcber 85 Jahren Erfahrung hat Chiesi seinen Hauptsitz in Parma in Italien und ist mit mehr als 6.500 Mitarbeitenden in 31 L\u00e4ndern t\u00e4tig. Im Jahr 2022 erwirtschaftet das Unternehmen einen Umsatz von 2,749 Milliarden Euro. Das Forschungs- und Entwicklungszentrum der Gruppe ist in Parma angesiedelt. Au\u00dferdem unterh\u00e4lt die Gruppe sechs weitere F&amp;E-Zentren in Frankreich, den USA, Kanada, China, Gro\u00dfbritannien und Schweden.<\/p>\n\n\n\n<p>Weitere Informationen finden Sie hier: <a target=\"_blank\" class=\"uri-ext outbound\" rel=\"noreferrer noopener\" href=\"http:\/\/www.chiesi.com\">www.chiesi.com<\/a><\/p>\n\n\n\n<p><strong>Die Chiesi GmbH in Deutschland<\/strong><\/p>\n\n\n\n<p>Die in Hamburg ans\u00e4ssige Chiesi GmbH besch\u00e4ftigt deutschlandweit rund 400 Mitarbeitende. Als eine der gr\u00f6\u00dften Vertriebsgesellschaften der Chiesi Gruppe erwirtschaftete sie 2022 einen Umsatz von 344 Mio. Euro. 2024 wurde das mittelst\u00e4ndische Unternehmen zum dreizehnten Mal in Folge vom Top Employer Institute als Top Employer ausgezeichnet, 2020 erhielt es zudem erstmals die Zertifizierung &#8222;Great Place to Work&#8220;.<\/p>\n\n\n\n<p>Weitere Informationen unter <a target=\"_blank\" class=\"uri-ext outbound\" rel=\"noreferrer noopener\" href=\"http:\/\/www.chiesi.de\">www.chiesi.de<\/a><\/p>\n","protected":false},"excerpt":{"rendered":"<p>Mehr Lebensqualit\u00e4t und eine bessere Versorgung f\u00fcr Menschen mit der seltenen Schmetterlingskrankheit: So lauten die Ziele einer neuen Initiative, deren Mitglieder Ende Januar erstmals zusammengekommen sind. Auf Initiative von Amryt [&hellip;]<\/p>\n","protected":false},"author":1,"featured_media":239,"comment_status":"open","ping_status":"open","sticky":false,"template":"","format":"standard","meta":{"_price":"","_stock":"","_tribe_ticket_header":"","_tribe_default_ticket_provider":"","_tribe_ticket_capacity":"0","_ticket_start_date":"","_ticket_end_date":"","_tribe_ticket_show_description":"","_tribe_ticket_show_not_going":false,"_tribe_ticket_use_global_stock":"","_tribe_ticket_global_stock_level":"","_global_stock_mode":"","_global_stock_cap":"","_tribe_rsvp_for_event":"","_tribe_ticket_going_count":"","_tribe_ticket_not_going_count":"","_tribe_tickets_list":"[]","_tribe_ticket_has_attendee_info_fields":false,"_jetpack_memberships_contains_paid_content":false,"footnotes":"","jetpack_publicize_message":"","jetpack_publicize_feature_enabled":true,"jetpack_social_post_already_shared":false,"jetpack_social_options":{"image_generator_settings":{"template":"highway","default_image_id":0,"font":"","enabled":false},"version":2},"_tec_slr_enabled":"","_tec_slr_layout":""},"categories":[28],"tags":[],"class_list":["post-240","post","type-post","status-publish","format-standard","has-post-thumbnail","hentry","category-medizin-pflege"],"yoast_head":"<!-- This site is optimized with the Yoast SEO plugin v27.4 - https:\/\/yoast.com\/product\/yoast-seo-wordpress\/ -->\n<title>F\u00fcr Menschen mit SchmetterlingskrankheitNeue Initiative mit ersten L\u00f6sungsans\u00e4tzen f\u00fcr bessere Vernetzung und Versorgung - Freizeit Fokus<\/title>\n<meta name=\"robots\" content=\"index, follow, max-snippet:-1, max-image-preview:large, max-video-preview:-1\" \/>\n<link rel=\"canonical\" href=\"https:\/\/freizeitfokus.com\/?p=240\" \/>\n<meta property=\"og:locale\" content=\"de_DE\" \/>\n<meta property=\"og:type\" content=\"article\" \/>\n<meta property=\"og:title\" content=\"F\u00fcr Menschen mit SchmetterlingskrankheitNeue Initiative mit ersten L\u00f6sungsans\u00e4tzen f\u00fcr bessere Vernetzung und Versorgung - Freizeit Fokus\" \/>\n<meta property=\"og:description\" content=\"Mehr Lebensqualit\u00e4t und eine bessere Versorgung f\u00fcr Menschen mit der seltenen Schmetterlingskrankheit: So lauten die Ziele einer neuen Initiative, d\" \/>\n<meta property=\"og:url\" content=\"https:\/\/freizeitfokus.com\/?p=240\" \/>\n<meta property=\"og:site_name\" content=\"Freizeit Fokus\" \/>\n<meta property=\"article:published_time\" content=\"2024-04-04T12:17:52+00:00\" \/>\n<meta property=\"article:modified_time\" content=\"2024-04-04T12:17:59+00:00\" \/>\n<meta property=\"og:image\" content=\"https:\/\/freizeitfokus.com\/wp-content\/uploads\/2024\/04\/DEBRA-Selbsthilfegruppen-DACH_Auftakttreffen-EB-Netzwerk-Initiative_Foto-Martin-Leissl_abdruck-h-1024x683.jpg\" \/>\n\t<meta property=\"og:image:width\" content=\"1024\" \/>\n\t<meta property=\"og:image:height\" content=\"683\" \/>\n\t<meta property=\"og:image:type\" content=\"image\/jpeg\" \/>\n<meta name=\"author\" content=\"KaPeHo\" \/>\n<meta name=\"twitter:card\" content=\"summary_large_image\" \/>\n<meta name=\"twitter:label1\" content=\"Verfasst von\" \/>\n\t<meta name=\"twitter:data1\" content=\"KaPeHo\" \/>\n\t<meta name=\"twitter:label2\" content=\"Gesch\u00e4tzte Lesezeit\" \/>\n\t<meta name=\"twitter:data2\" content=\"6\u00a0Minuten\" \/>\n<script type=\"application\/ld+json\" class=\"yoast-schema-graph\">{\"@context\":\"https:\\\/\\\/schema.org\",\"@graph\":[{\"@type\":\"Article\",\"@id\":\"https:\\\/\\\/freizeitfokus.com\\\/?p=240#article\",\"isPartOf\":{\"@id\":\"https:\\\/\\\/freizeitfokus.com\\\/?p=240\"},\"author\":{\"name\":\"KaPeHo\",\"@id\":\"https:\\\/\\\/freizeitfokus.com\\\/#\\\/schema\\\/person\\\/11261ffb375eb6af471063d917fd2cd2\"},\"headline\":\"F\u00fcr Menschen mit SchmetterlingskrankheitNeue Initiative mit ersten L\u00f6sungsans\u00e4tzen f\u00fcr bessere Vernetzung und Versorgung\",\"datePublished\":\"2024-04-04T12:17:52+00:00\",\"dateModified\":\"2024-04-04T12:17:59+00:00\",\"mainEntityOfPage\":{\"@id\":\"https:\\\/\\\/freizeitfokus.com\\\/?p=240\"},\"wordCount\":1316,\"commentCount\":0,\"image\":{\"@id\":\"https:\\\/\\\/freizeitfokus.com\\\/?p=240#primaryimage\"},\"thumbnailUrl\":\"https:\\\/\\\/freizeitfokus.com\\\/wp-content\\\/uploads\\\/2024\\\/04\\\/DEBRA-Selbsthilfegruppen-DACH_Auftakttreffen-EB-Netzwerk-Initiative_Foto-Martin-Leissl_abdruck-h.jpg\",\"articleSection\":[\"Medizin + Pflege\"],\"inLanguage\":\"de\",\"potentialAction\":[{\"@type\":\"CommentAction\",\"name\":\"Comment\",\"target\":[\"https:\\\/\\\/freizeitfokus.com\\\/?p=240#respond\"]}]},{\"@type\":\"WebPage\",\"@id\":\"https:\\\/\\\/freizeitfokus.com\\\/?p=240\",\"url\":\"https:\\\/\\\/freizeitfokus.com\\\/?p=240\",\"name\":\"F\u00fcr Menschen mit SchmetterlingskrankheitNeue Initiative mit ersten L\u00f6sungsans\u00e4tzen f\u00fcr bessere Vernetzung und Versorgung - Freizeit Fokus\",\"isPartOf\":{\"@id\":\"https:\\\/\\\/freizeitfokus.com\\\/#website\"},\"primaryImageOfPage\":{\"@id\":\"https:\\\/\\\/freizeitfokus.com\\\/?p=240#primaryimage\"},\"image\":{\"@id\":\"https:\\\/\\\/freizeitfokus.com\\\/?p=240#primaryimage\"},\"thumbnailUrl\":\"https:\\\/\\\/freizeitfokus.com\\\/wp-content\\\/uploads\\\/2024\\\/04\\\/DEBRA-Selbsthilfegruppen-DACH_Auftakttreffen-EB-Netzwerk-Initiative_Foto-Martin-Leissl_abdruck-h.jpg\",\"datePublished\":\"2024-04-04T12:17:52+00:00\",\"dateModified\":\"2024-04-04T12:17:59+00:00\",\"author\":{\"@id\":\"https:\\\/\\\/freizeitfokus.com\\\/#\\\/schema\\\/person\\\/11261ffb375eb6af471063d917fd2cd2\"},\"breadcrumb\":{\"@id\":\"https:\\\/\\\/freizeitfokus.com\\\/?p=240#breadcrumb\"},\"inLanguage\":\"de\",\"potentialAction\":[{\"@type\":\"ReadAction\",\"target\":[\"https:\\\/\\\/freizeitfokus.com\\\/?p=240\"]}]},{\"@type\":\"ImageObject\",\"inLanguage\":\"de\",\"@id\":\"https:\\\/\\\/freizeitfokus.com\\\/?p=240#primaryimage\",\"url\":\"https:\\\/\\\/freizeitfokus.com\\\/wp-content\\\/uploads\\\/2024\\\/04\\\/DEBRA-Selbsthilfegruppen-DACH_Auftakttreffen-EB-Netzwerk-Initiative_Foto-Martin-Leissl_abdruck-h.jpg\",\"contentUrl\":\"https:\\\/\\\/freizeitfokus.com\\\/wp-content\\\/uploads\\\/2024\\\/04\\\/DEBRA-Selbsthilfegruppen-DACH_Auftakttreffen-EB-Netzwerk-Initiative_Foto-Martin-Leissl_abdruck-h.jpg\",\"width\":2513,\"height\":1676},{\"@type\":\"BreadcrumbList\",\"@id\":\"https:\\\/\\\/freizeitfokus.com\\\/?p=240#breadcrumb\",\"itemListElement\":[{\"@type\":\"ListItem\",\"position\":1,\"name\":\"Home\",\"item\":\"https:\\\/\\\/freizeitfokus.com\\\/\"},{\"@type\":\"ListItem\",\"position\":2,\"name\":\"F\u00fcr Menschen mit SchmetterlingskrankheitNeue Initiative mit ersten L\u00f6sungsans\u00e4tzen f\u00fcr bessere Vernetzung und Versorgung\"}]},{\"@type\":\"WebSite\",\"@id\":\"https:\\\/\\\/freizeitfokus.com\\\/#website\",\"url\":\"https:\\\/\\\/freizeitfokus.com\\\/\",\"name\":\"Freizeit Fokus\",\"description\":\"Dein unabh\u00e4ngiges Online-Magazin f\u00fcr Erlebnisse und Freizeit\",\"potentialAction\":[{\"@type\":\"SearchAction\",\"target\":{\"@type\":\"EntryPoint\",\"urlTemplate\":\"https:\\\/\\\/freizeitfokus.com\\\/?s={search_term_string}\"},\"query-input\":{\"@type\":\"PropertyValueSpecification\",\"valueRequired\":true,\"valueName\":\"search_term_string\"}}],\"inLanguage\":\"de\"},{\"@type\":\"Person\",\"@id\":\"https:\\\/\\\/freizeitfokus.com\\\/#\\\/schema\\\/person\\\/11261ffb375eb6af471063d917fd2cd2\",\"name\":\"KaPeHo\",\"image\":{\"@type\":\"ImageObject\",\"inLanguage\":\"de\",\"@id\":\"https:\\\/\\\/secure.gravatar.com\\\/avatar\\\/2136294956f210af857ae84ebbbd49e091f45791b0cfdcdc7ee3d8232d67a99d?s=96&r=g&d=https:\\\/\\\/freizeitfokus.com\\\/wp-content\\\/plugins\\\/userswp\\\/assets\\\/images\\\/no_profile.png\",\"url\":\"https:\\\/\\\/secure.gravatar.com\\\/avatar\\\/2136294956f210af857ae84ebbbd49e091f45791b0cfdcdc7ee3d8232d67a99d?s=96&r=g&d=https:\\\/\\\/freizeitfokus.com\\\/wp-content\\\/plugins\\\/userswp\\\/assets\\\/images\\\/no_profile.png\",\"contentUrl\":\"https:\\\/\\\/secure.gravatar.com\\\/avatar\\\/2136294956f210af857ae84ebbbd49e091f45791b0cfdcdc7ee3d8232d67a99d?s=96&r=g&d=https:\\\/\\\/freizeitfokus.com\\\/wp-content\\\/plugins\\\/userswp\\\/assets\\\/images\\\/no_profile.png\",\"caption\":\"KaPeHo\"},\"sameAs\":[\"https:\\\/\\\/freizeitfokus.com\"],\"url\":\"https:\\\/\\\/freizeitfokus.com\\\/?page_id=37059\\\/kapeho\"}]}<\/script>\n<!-- \/ Yoast SEO plugin. -->","yoast_head_json":{"title":"F\u00fcr Menschen mit SchmetterlingskrankheitNeue Initiative mit ersten L\u00f6sungsans\u00e4tzen f\u00fcr bessere Vernetzung und Versorgung - Freizeit Fokus","robots":{"index":"index","follow":"follow","max-snippet":"max-snippet:-1","max-image-preview":"max-image-preview:large","max-video-preview":"max-video-preview:-1"},"canonical":"https:\/\/freizeitfokus.com\/?p=240","og_locale":"de_DE","og_type":"article","og_title":"F\u00fcr Menschen mit SchmetterlingskrankheitNeue Initiative mit ersten L\u00f6sungsans\u00e4tzen f\u00fcr bessere Vernetzung und Versorgung - Freizeit Fokus","og_description":"Mehr Lebensqualit\u00e4t und eine bessere Versorgung f\u00fcr Menschen mit der seltenen Schmetterlingskrankheit: So lauten die Ziele einer neuen Initiative, d","og_url":"https:\/\/freizeitfokus.com\/?p=240","og_site_name":"Freizeit Fokus","article_published_time":"2024-04-04T12:17:52+00:00","article_modified_time":"2024-04-04T12:17:59+00:00","og_image":[{"width":1024,"height":683,"url":"https:\/\/freizeitfokus.com\/wp-content\/uploads\/2024\/04\/DEBRA-Selbsthilfegruppen-DACH_Auftakttreffen-EB-Netzwerk-Initiative_Foto-Martin-Leissl_abdruck-h-1024x683.jpg","type":"image\/jpeg"}],"author":"KaPeHo","twitter_card":"summary_large_image","twitter_misc":{"Verfasst von":"KaPeHo","Gesch\u00e4tzte Lesezeit":"6\u00a0Minuten"},"schema":{"@context":"https:\/\/schema.org","@graph":[{"@type":"Article","@id":"https:\/\/freizeitfokus.com\/?p=240#article","isPartOf":{"@id":"https:\/\/freizeitfokus.com\/?p=240"},"author":{"name":"KaPeHo","@id":"https:\/\/freizeitfokus.com\/#\/schema\/person\/11261ffb375eb6af471063d917fd2cd2"},"headline":"F\u00fcr Menschen mit SchmetterlingskrankheitNeue Initiative mit ersten L\u00f6sungsans\u00e4tzen f\u00fcr bessere Vernetzung und Versorgung","datePublished":"2024-04-04T12:17:52+00:00","dateModified":"2024-04-04T12:17:59+00:00","mainEntityOfPage":{"@id":"https:\/\/freizeitfokus.com\/?p=240"},"wordCount":1316,"commentCount":0,"image":{"@id":"https:\/\/freizeitfokus.com\/?p=240#primaryimage"},"thumbnailUrl":"https:\/\/freizeitfokus.com\/wp-content\/uploads\/2024\/04\/DEBRA-Selbsthilfegruppen-DACH_Auftakttreffen-EB-Netzwerk-Initiative_Foto-Martin-Leissl_abdruck-h.jpg","articleSection":["Medizin + Pflege"],"inLanguage":"de","potentialAction":[{"@type":"CommentAction","name":"Comment","target":["https:\/\/freizeitfokus.com\/?p=240#respond"]}]},{"@type":"WebPage","@id":"https:\/\/freizeitfokus.com\/?p=240","url":"https:\/\/freizeitfokus.com\/?p=240","name":"F\u00fcr Menschen mit SchmetterlingskrankheitNeue Initiative mit ersten L\u00f6sungsans\u00e4tzen f\u00fcr bessere Vernetzung und Versorgung - Freizeit Fokus","isPartOf":{"@id":"https:\/\/freizeitfokus.com\/#website"},"primaryImageOfPage":{"@id":"https:\/\/freizeitfokus.com\/?p=240#primaryimage"},"image":{"@id":"https:\/\/freizeitfokus.com\/?p=240#primaryimage"},"thumbnailUrl":"https:\/\/freizeitfokus.com\/wp-content\/uploads\/2024\/04\/DEBRA-Selbsthilfegruppen-DACH_Auftakttreffen-EB-Netzwerk-Initiative_Foto-Martin-Leissl_abdruck-h.jpg","datePublished":"2024-04-04T12:17:52+00:00","dateModified":"2024-04-04T12:17:59+00:00","author":{"@id":"https:\/\/freizeitfokus.com\/#\/schema\/person\/11261ffb375eb6af471063d917fd2cd2"},"breadcrumb":{"@id":"https:\/\/freizeitfokus.com\/?p=240#breadcrumb"},"inLanguage":"de","potentialAction":[{"@type":"ReadAction","target":["https:\/\/freizeitfokus.com\/?p=240"]}]},{"@type":"ImageObject","inLanguage":"de","@id":"https:\/\/freizeitfokus.com\/?p=240#primaryimage","url":"https:\/\/freizeitfokus.com\/wp-content\/uploads\/2024\/04\/DEBRA-Selbsthilfegruppen-DACH_Auftakttreffen-EB-Netzwerk-Initiative_Foto-Martin-Leissl_abdruck-h.jpg","contentUrl":"https:\/\/freizeitfokus.com\/wp-content\/uploads\/2024\/04\/DEBRA-Selbsthilfegruppen-DACH_Auftakttreffen-EB-Netzwerk-Initiative_Foto-Martin-Leissl_abdruck-h.jpg","width":2513,"height":1676},{"@type":"BreadcrumbList","@id":"https:\/\/freizeitfokus.com\/?p=240#breadcrumb","itemListElement":[{"@type":"ListItem","position":1,"name":"Home","item":"https:\/\/freizeitfokus.com\/"},{"@type":"ListItem","position":2,"name":"F\u00fcr Menschen mit SchmetterlingskrankheitNeue Initiative mit ersten L\u00f6sungsans\u00e4tzen f\u00fcr bessere Vernetzung und Versorgung"}]},{"@type":"WebSite","@id":"https:\/\/freizeitfokus.com\/#website","url":"https:\/\/freizeitfokus.com\/","name":"Freizeit Fokus","description":"Dein unabh\u00e4ngiges Online-Magazin f\u00fcr Erlebnisse und Freizeit","potentialAction":[{"@type":"SearchAction","target":{"@type":"EntryPoint","urlTemplate":"https:\/\/freizeitfokus.com\/?s={search_term_string}"},"query-input":{"@type":"PropertyValueSpecification","valueRequired":true,"valueName":"search_term_string"}}],"inLanguage":"de"},{"@type":"Person","@id":"https:\/\/freizeitfokus.com\/#\/schema\/person\/11261ffb375eb6af471063d917fd2cd2","name":"KaPeHo","image":{"@type":"ImageObject","inLanguage":"de","@id":"https:\/\/secure.gravatar.com\/avatar\/2136294956f210af857ae84ebbbd49e091f45791b0cfdcdc7ee3d8232d67a99d?s=96&r=g&d=https:\/\/freizeitfokus.com\/wp-content\/plugins\/userswp\/assets\/images\/no_profile.png","url":"https:\/\/secure.gravatar.com\/avatar\/2136294956f210af857ae84ebbbd49e091f45791b0cfdcdc7ee3d8232d67a99d?s=96&r=g&d=https:\/\/freizeitfokus.com\/wp-content\/plugins\/userswp\/assets\/images\/no_profile.png","contentUrl":"https:\/\/secure.gravatar.com\/avatar\/2136294956f210af857ae84ebbbd49e091f45791b0cfdcdc7ee3d8232d67a99d?s=96&r=g&d=https:\/\/freizeitfokus.com\/wp-content\/plugins\/userswp\/assets\/images\/no_profile.png","caption":"KaPeHo"},"sameAs":["https:\/\/freizeitfokus.com"],"url":"https:\/\/freizeitfokus.com\/?page_id=37059\/kapeho"}]}},"jetpack_publicize_connections":[],"jetpack_featured_media_url":"https:\/\/freizeitfokus.com\/wp-content\/uploads\/2024\/04\/DEBRA-Selbsthilfegruppen-DACH_Auftakttreffen-EB-Netzwerk-Initiative_Foto-Martin-Leissl_abdruck-h.jpg","jetpack_sharing_enabled":true,"ticketed":false,"_links":{"self":[{"href":"https:\/\/freizeitfokus.com\/index.php?rest_route=\/wp\/v2\/posts\/240","targetHints":{"allow":["GET"]}}],"collection":[{"href":"https:\/\/freizeitfokus.com\/index.php?rest_route=\/wp\/v2\/posts"}],"about":[{"href":"https:\/\/freizeitfokus.com\/index.php?rest_route=\/wp\/v2\/types\/post"}],"author":[{"embeddable":true,"href":"https:\/\/freizeitfokus.com\/index.php?rest_route=\/wp\/v2\/users\/1"}],"replies":[{"embeddable":true,"href":"https:\/\/freizeitfokus.com\/index.php?rest_route=%2Fwp%2Fv2%2Fcomments&post=240"}],"version-history":[{"count":0,"href":"https:\/\/freizeitfokus.com\/index.php?rest_route=\/wp\/v2\/posts\/240\/revisions"}],"wp:featuredmedia":[{"embeddable":true,"href":"https:\/\/freizeitfokus.com\/index.php?rest_route=\/wp\/v2\/media\/239"}],"wp:attachment":[{"href":"https:\/\/freizeitfokus.com\/index.php?rest_route=%2Fwp%2Fv2%2Fmedia&parent=240"}],"wp:term":[{"taxonomy":"category","embeddable":true,"href":"https:\/\/freizeitfokus.com\/index.php?rest_route=%2Fwp%2Fv2%2Fcategories&post=240"},{"taxonomy":"post_tag","embeddable":true,"href":"https:\/\/freizeitfokus.com\/index.php?rest_route=%2Fwp%2Fv2%2Ftags&post=240"}],"curies":[{"name":"wp","href":"https:\/\/api.w.org\/{rel}","templated":true}]}}