{"id":36769,"date":"2025-11-26T10:52:34","date_gmt":"2025-11-26T09:52:34","guid":{"rendered":"https:\/\/freizeitfokus.com\/?p=36769"},"modified":"2025-11-29T13:42:12","modified_gmt":"2025-11-29T12:42:12","slug":"radio-hamburg-moderatorin-alicia-alvarez-erwartet-ein-baby","status":"publish","type":"post","link":"https:\/\/freizeitfokus.com\/?p=36769","title":{"rendered":"Radio Hamburg-Moderatorin Alicia Alvarez erwartet ein Baby"},"content":{"rendered":"\n<p class=\"MsoNormal\">Hamburg, 26. November 2025<\/p>\n\n\n\n<p class=\"MsoNormal\">Gro\u00dfe Freude bei Radio Hamburg: Morningshow-Moderatorin Alicia Alvarez ist schwanger! Sie und ihr Freund Lennart erwarten im M\u00e4rz 2026 ihr erstes gemeinsames Kind. F\u00fcr Alicia geht damit ein echter Herzenstraum in Erf\u00fcllung \u2013 sie gilt im Team seit Jahren als besonders kinderlieb und als absoluter Familienmensch.<\/p>\n\n\n\n<p class=\"MsoNormal\">&nbsp;<\/p>\n\n\n\n<figure class=\"wp-block-image size-large\"><img loading=\"lazy\" decoding=\"async\" width=\"664\" height=\"1024\" src=\"https:\/\/freizeitfokus.com\/wp-content\/uploads\/2025\/11\/img_0227-1-664x1024.jpg\" class=\"wp-image-36768\" srcset=\"https:\/\/freizeitfokus.com\/wp-content\/uploads\/2025\/11\/img_0227-1-664x1024.jpg 664w, https:\/\/freizeitfokus.com\/wp-content\/uploads\/2025\/11\/img_0227-1-195x300.jpg 195w, https:\/\/freizeitfokus.com\/wp-content\/uploads\/2025\/11\/img_0227-1-768x1184.jpg 768w, https:\/\/freizeitfokus.com\/wp-content\/uploads\/2025\/11\/img_0227-1-996x1536.jpg 996w, https:\/\/freizeitfokus.com\/wp-content\/uploads\/2025\/11\/img_0227-1.jpg 1297w\" sizes=\"auto, (max-width: 664px) 100vw, 664px\" \/><figcaption class=\"wp-element-caption\">Mit ihren Kollegen St\u00fcbbi\ufffc\ufffc<\/figcaption><\/figure>\n\n\n\n<p class=\"MsoNormal\">\u201eF\u00fcr mich geht ein riesiger Wunsch in Erf\u00fcllung. Ich freue mich so sehr auf unser kleines Wunder \u2013 und bin unglaublich dankbar f\u00fcr all die Liebe und Unterst\u00fctzung hier im Sender\u201c, sagt Alicia.<\/p>\n\n\n\n<p class=\"MsoNormal\">&nbsp;<\/p>\n\n\n\n<p class=\"MsoNormal\"><strong>Auch bei Radio Hamburg ist die Begeisterung gro\u00df. Programmleiter Niklas Naujok gratuliert im Namen des gesamten Teams:<\/strong><\/p>\n\n\n\n<p class=\"MsoNormal\">\u201eWir freuen uns sehr f\u00fcr Alicia! Ihr Lachen, ihre W\u00e4rme und ihre Energie sind fester Bestandteil unseres Programms \u2013 und wir k\u00f6nnten nicht gl\u00fccklicher sein, dass ihre Familie jetzt w\u00e4chst.\u201c<\/p>\n\n\n\n<p class=\"MsoNormal\">&nbsp;<\/p>\n\n\n\n<p class=\"MsoNormal\"><strong>Beste Freundin Lea Kruse \u00fcbernimmt an der Seite von John Ment<\/strong><\/p>\n\n\n\n<p class=\"MsoNormal\">Alicia wird \u2013 solange es ihr gut geht \u2013 weiterhin in der Radio Hamburg Morningshow \u201eGuten Morgen Hamburg\u201c (Mo.-Fr.&nbsp;5-10 Uhr) &nbsp;zu h\u00f6ren sein. Sobald sie in den Mutterschutz und die anschlie\u00dfende Babypause geht, \u00fcbernimmt ihre Kollegin und beste Freundin Lea Kruse den Platz an der Seite von John Ment. Lea hat ihr Volontariat bei Radio Hamburg absolviert und moderiert aktuell gemeinsam mit Finn Rieken die Samstag-Vormittagssendung \u201eDie Zwei bis drei\u201c. Alicia und Lea lernten sich im Sender kennen und sind seitdem unzertrennlich.<\/p>\n\n\n\n<p class=\"MsoNormal\">&nbsp;<\/p>\n\n\n\n<p class=\"MsoNormal\"><strong>Morningshow-Kollege John Ment zeigt sich begeistert:<\/strong><\/p>\n\n\n\n<p class=\"MsoNormal\">\u201eAlicia wird eine gro\u00dfartige Mama \u2013 und bis dahin rocken wir gemeinsam jeden Morgen weiter die Stadt wach. Wir freuen uns schon jetzt auf den Nachwuchs in der Radio-Hamburg-Familie!\u201c<\/p>\n\n\n\n<p class=\"MsoNormal\">&nbsp;<\/p>\n","protected":false},"excerpt":{"rendered":"<p>Hamburg, 26. November 2025 Gro\u00dfe Freude bei Radio Hamburg: Morningshow-Moderatorin Alicia Alvarez ist schwanger! Sie und ihr Freund Lennart erwarten im M\u00e4rz 2026 ihr erstes gemeinsames Kind. F\u00fcr Alicia geht [&hellip;]<\/p>\n","protected":false},"author":1,"featured_media":36797,"comment_status":"closed","ping_status":"open","sticky":false,"template":"","format":"standard","meta":{"_price":"","_stock":"","_tribe_ticket_header":"","_tribe_default_ticket_provider":"","_tribe_ticket_capacity":"0","_ticket_start_date":"","_ticket_end_date":"","_tribe_ticket_show_description":"","_tribe_ticket_show_not_going":false,"_tribe_ticket_use_global_stock":"","_tribe_ticket_global_stock_level":"","_global_stock_mode":"","_global_stock_cap":"","_tribe_rsvp_for_event":"","_tribe_ticket_going_count":"","_tribe_ticket_not_going_count":"","_tribe_tickets_list":"[]","_tribe_ticket_has_attendee_info_fields":false,"_jetpack_memberships_contains_paid_content":false,"footnotes":"","jetpack_publicize_message":"Radio Hamburg-Moderatorin Alicia Alvarez erwartet ein Baby","jetpack_publicize_feature_enabled":true,"jetpack_social_post_already_shared":false,"jetpack_social_options":{"image_generator_settings":{"template":"highway","default_image_id":0,"font":"","enabled":false},"version":2},"_tec_slr_enabled":"","_tec_slr_layout":""},"categories":[26],"tags":[],"class_list":["post-36769","post","type-post","status-publish","format-standard","has-post-thumbnail","hentry","category-promi-news"],"yoast_head":"<!-- This site is optimized with the Yoast SEO plugin v27.5 - https:\/\/yoast.com\/product\/yoast-seo-wordpress\/ -->\n<title>Radio Hamburg-Moderatorin Alicia Alvarez erwartet ein Baby - Freizeit Fokus<\/title>\n<meta name=\"robots\" content=\"index, follow, max-snippet:-1, max-image-preview:large, max-video-preview:-1\" \/>\n<link rel=\"canonical\" href=\"https:\/\/freizeitfokus.com\/?p=36769\" \/>\n<meta property=\"og:locale\" content=\"de_DE\" \/>\n<meta property=\"og:type\" content=\"article\" \/>\n<meta property=\"og:title\" content=\"Radio Hamburg-Moderatorin Alicia Alvarez erwartet ein Baby - Freizeit Fokus\" \/>\n<meta property=\"og:description\" content=\"Hamburg, 26. November 2025 Gro\u00dfe Freude bei Radio Hamburg: Morningshow-Moderatorin Alicia Alvarez ist schwanger! Sie und ihr Freund Lennart erwarten\" \/>\n<meta property=\"og:url\" content=\"https:\/\/freizeitfokus.com\/?p=36769\" \/>\n<meta property=\"og:site_name\" content=\"Freizeit Fokus\" \/>\n<meta property=\"article:published_time\" content=\"2025-11-26T09:52:34+00:00\" \/>\n<meta property=\"article:modified_time\" content=\"2025-11-29T12:42:12+00:00\" \/>\n<meta property=\"og:image\" content=\"https:\/\/freizeitfokus.com\/wp-content\/uploads\/2025\/11\/img_0227-2.jpg\" \/>\n\t<meta property=\"og:image:width\" content=\"1297\" \/>\n\t<meta property=\"og:image:height\" content=\"2000\" \/>\n\t<meta property=\"og:image:type\" content=\"image\/jpeg\" \/>\n<meta name=\"author\" content=\"KaPeHo\" \/>\n<meta name=\"twitter:card\" content=\"summary_large_image\" \/>\n<meta name=\"twitter:label1\" content=\"Verfasst von\" \/>\n\t<meta name=\"twitter:data1\" content=\"KaPeHo\" \/>\n\t<meta name=\"twitter:label2\" content=\"Gesch\u00e4tzte Lesezeit\" \/>\n\t<meta name=\"twitter:data2\" content=\"1\u00a0Minute\" \/>\n<script type=\"application\/ld+json\" class=\"yoast-schema-graph\">{\"@context\":\"https:\\\/\\\/schema.org\",\"@graph\":[{\"@type\":\"Article\",\"@id\":\"https:\\\/\\\/freizeitfokus.com\\\/?p=36769#article\",\"isPartOf\":{\"@id\":\"https:\\\/\\\/freizeitfokus.com\\\/?p=36769\"},\"author\":{\"name\":\"KaPeHo\",\"@id\":\"https:\\\/\\\/freizeitfokus.com\\\/#\\\/schema\\\/person\\\/11261ffb375eb6af471063d917fd2cd2\"},\"headline\":\"Radio Hamburg-Moderatorin Alicia Alvarez erwartet ein Baby\",\"datePublished\":\"2025-11-26T09:52:34+00:00\",\"dateModified\":\"2025-11-29T12:42:12+00:00\",\"mainEntityOfPage\":{\"@id\":\"https:\\\/\\\/freizeitfokus.com\\\/?p=36769\"},\"wordCount\":286,\"image\":{\"@id\":\"https:\\\/\\\/freizeitfokus.com\\\/?p=36769#primaryimage\"},\"thumbnailUrl\":\"https:\\\/\\\/freizeitfokus.com\\\/wp-content\\\/uploads\\\/2025\\\/11\\\/img_0227-2.jpg\",\"articleSection\":[\"Promi News\"],\"inLanguage\":\"de\"},{\"@type\":\"WebPage\",\"@id\":\"https:\\\/\\\/freizeitfokus.com\\\/?p=36769\",\"url\":\"https:\\\/\\\/freizeitfokus.com\\\/?p=36769\",\"name\":\"Radio Hamburg-Moderatorin Alicia Alvarez erwartet ein Baby - Freizeit Fokus\",\"isPartOf\":{\"@id\":\"https:\\\/\\\/freizeitfokus.com\\\/#website\"},\"primaryImageOfPage\":{\"@id\":\"https:\\\/\\\/freizeitfokus.com\\\/?p=36769#primaryimage\"},\"image\":{\"@id\":\"https:\\\/\\\/freizeitfokus.com\\\/?p=36769#primaryimage\"},\"thumbnailUrl\":\"https:\\\/\\\/freizeitfokus.com\\\/wp-content\\\/uploads\\\/2025\\\/11\\\/img_0227-2.jpg\",\"datePublished\":\"2025-11-26T09:52:34+00:00\",\"dateModified\":\"2025-11-29T12:42:12+00:00\",\"author\":{\"@id\":\"https:\\\/\\\/freizeitfokus.com\\\/#\\\/schema\\\/person\\\/11261ffb375eb6af471063d917fd2cd2\"},\"breadcrumb\":{\"@id\":\"https:\\\/\\\/freizeitfokus.com\\\/?p=36769#breadcrumb\"},\"inLanguage\":\"de\",\"potentialAction\":[{\"@type\":\"ReadAction\",\"target\":[\"https:\\\/\\\/freizeitfokus.com\\\/?p=36769\"]}]},{\"@type\":\"ImageObject\",\"inLanguage\":\"de\",\"@id\":\"https:\\\/\\\/freizeitfokus.com\\\/?p=36769#primaryimage\",\"url\":\"https:\\\/\\\/freizeitfokus.com\\\/wp-content\\\/uploads\\\/2025\\\/11\\\/img_0227-2.jpg\",\"contentUrl\":\"https:\\\/\\\/freizeitfokus.com\\\/wp-content\\\/uploads\\\/2025\\\/11\\\/img_0227-2.jpg\",\"width\":1297,\"height\":2000},{\"@type\":\"BreadcrumbList\",\"@id\":\"https:\\\/\\\/freizeitfokus.com\\\/?p=36769#breadcrumb\",\"itemListElement\":[{\"@type\":\"ListItem\",\"position\":1,\"name\":\"Home\",\"item\":\"https:\\\/\\\/freizeitfokus.com\\\/\"},{\"@type\":\"ListItem\",\"position\":2,\"name\":\"Radio Hamburg-Moderatorin Alicia Alvarez erwartet ein Baby\"}]},{\"@type\":\"WebSite\",\"@id\":\"https:\\\/\\\/freizeitfokus.com\\\/#website\",\"url\":\"https:\\\/\\\/freizeitfokus.com\\\/\",\"name\":\"Freizeit Fokus\",\"description\":\"Dein unabh\u00e4ngiges Online-Magazin f\u00fcr Erlebnisse und Freizeit\",\"potentialAction\":[{\"@type\":\"SearchAction\",\"target\":{\"@type\":\"EntryPoint\",\"urlTemplate\":\"https:\\\/\\\/freizeitfokus.com\\\/?s={search_term_string}\"},\"query-input\":{\"@type\":\"PropertyValueSpecification\",\"valueRequired\":true,\"valueName\":\"search_term_string\"}}],\"inLanguage\":\"de\"},{\"@type\":\"Person\",\"@id\":\"https:\\\/\\\/freizeitfokus.com\\\/#\\\/schema\\\/person\\\/11261ffb375eb6af471063d917fd2cd2\",\"name\":\"KaPeHo\",\"image\":{\"@type\":\"ImageObject\",\"inLanguage\":\"de\",\"@id\":\"https:\\\/\\\/secure.gravatar.com\\\/avatar\\\/2136294956f210af857ae84ebbbd49e091f45791b0cfdcdc7ee3d8232d67a99d?s=96&r=g&d=https:\\\/\\\/freizeitfokus.com\\\/wp-content\\\/plugins\\\/userswp\\\/assets\\\/images\\\/no_profile.png\",\"url\":\"https:\\\/\\\/secure.gravatar.com\\\/avatar\\\/2136294956f210af857ae84ebbbd49e091f45791b0cfdcdc7ee3d8232d67a99d?s=96&r=g&d=https:\\\/\\\/freizeitfokus.com\\\/wp-content\\\/plugins\\\/userswp\\\/assets\\\/images\\\/no_profile.png\",\"contentUrl\":\"https:\\\/\\\/secure.gravatar.com\\\/avatar\\\/2136294956f210af857ae84ebbbd49e091f45791b0cfdcdc7ee3d8232d67a99d?s=96&r=g&d=https:\\\/\\\/freizeitfokus.com\\\/wp-content\\\/plugins\\\/userswp\\\/assets\\\/images\\\/no_profile.png\",\"caption\":\"KaPeHo\"},\"sameAs\":[\"https:\\\/\\\/freizeitfokus.com\"],\"url\":\"https:\\\/\\\/freizeitfokus.com\\\/?page_id=37059\\\/kapeho\"}]}<\/script>\n<!-- \/ Yoast SEO plugin. -->","yoast_head_json":{"title":"Radio Hamburg-Moderatorin Alicia Alvarez erwartet ein Baby - Freizeit Fokus","robots":{"index":"index","follow":"follow","max-snippet":"max-snippet:-1","max-image-preview":"max-image-preview:large","max-video-preview":"max-video-preview:-1"},"canonical":"https:\/\/freizeitfokus.com\/?p=36769","og_locale":"de_DE","og_type":"article","og_title":"Radio Hamburg-Moderatorin Alicia Alvarez erwartet ein Baby - Freizeit Fokus","og_description":"Hamburg, 26. November 2025 Gro\u00dfe Freude bei Radio Hamburg: Morningshow-Moderatorin Alicia Alvarez ist schwanger! Sie und ihr Freund Lennart erwarten","og_url":"https:\/\/freizeitfokus.com\/?p=36769","og_site_name":"Freizeit Fokus","article_published_time":"2025-11-26T09:52:34+00:00","article_modified_time":"2025-11-29T12:42:12+00:00","og_image":[{"width":1297,"height":2000,"url":"https:\/\/freizeitfokus.com\/wp-content\/uploads\/2025\/11\/img_0227-2.jpg","type":"image\/jpeg"}],"author":"KaPeHo","twitter_card":"summary_large_image","twitter_misc":{"Verfasst von":"KaPeHo","Gesch\u00e4tzte Lesezeit":"1\u00a0Minute"},"schema":{"@context":"https:\/\/schema.org","@graph":[{"@type":"Article","@id":"https:\/\/freizeitfokus.com\/?p=36769#article","isPartOf":{"@id":"https:\/\/freizeitfokus.com\/?p=36769"},"author":{"name":"KaPeHo","@id":"https:\/\/freizeitfokus.com\/#\/schema\/person\/11261ffb375eb6af471063d917fd2cd2"},"headline":"Radio Hamburg-Moderatorin Alicia Alvarez erwartet ein Baby","datePublished":"2025-11-26T09:52:34+00:00","dateModified":"2025-11-29T12:42:12+00:00","mainEntityOfPage":{"@id":"https:\/\/freizeitfokus.com\/?p=36769"},"wordCount":286,"image":{"@id":"https:\/\/freizeitfokus.com\/?p=36769#primaryimage"},"thumbnailUrl":"https:\/\/freizeitfokus.com\/wp-content\/uploads\/2025\/11\/img_0227-2.jpg","articleSection":["Promi News"],"inLanguage":"de"},{"@type":"WebPage","@id":"https:\/\/freizeitfokus.com\/?p=36769","url":"https:\/\/freizeitfokus.com\/?p=36769","name":"Radio Hamburg-Moderatorin Alicia Alvarez erwartet ein Baby - Freizeit Fokus","isPartOf":{"@id":"https:\/\/freizeitfokus.com\/#website"},"primaryImageOfPage":{"@id":"https:\/\/freizeitfokus.com\/?p=36769#primaryimage"},"image":{"@id":"https:\/\/freizeitfokus.com\/?p=36769#primaryimage"},"thumbnailUrl":"https:\/\/freizeitfokus.com\/wp-content\/uploads\/2025\/11\/img_0227-2.jpg","datePublished":"2025-11-26T09:52:34+00:00","dateModified":"2025-11-29T12:42:12+00:00","author":{"@id":"https:\/\/freizeitfokus.com\/#\/schema\/person\/11261ffb375eb6af471063d917fd2cd2"},"breadcrumb":{"@id":"https:\/\/freizeitfokus.com\/?p=36769#breadcrumb"},"inLanguage":"de","potentialAction":[{"@type":"ReadAction","target":["https:\/\/freizeitfokus.com\/?p=36769"]}]},{"@type":"ImageObject","inLanguage":"de","@id":"https:\/\/freizeitfokus.com\/?p=36769#primaryimage","url":"https:\/\/freizeitfokus.com\/wp-content\/uploads\/2025\/11\/img_0227-2.jpg","contentUrl":"https:\/\/freizeitfokus.com\/wp-content\/uploads\/2025\/11\/img_0227-2.jpg","width":1297,"height":2000},{"@type":"BreadcrumbList","@id":"https:\/\/freizeitfokus.com\/?p=36769#breadcrumb","itemListElement":[{"@type":"ListItem","position":1,"name":"Home","item":"https:\/\/freizeitfokus.com\/"},{"@type":"ListItem","position":2,"name":"Radio Hamburg-Moderatorin Alicia Alvarez erwartet ein Baby"}]},{"@type":"WebSite","@id":"https:\/\/freizeitfokus.com\/#website","url":"https:\/\/freizeitfokus.com\/","name":"Freizeit Fokus","description":"Dein unabh\u00e4ngiges Online-Magazin f\u00fcr Erlebnisse und Freizeit","potentialAction":[{"@type":"SearchAction","target":{"@type":"EntryPoint","urlTemplate":"https:\/\/freizeitfokus.com\/?s={search_term_string}"},"query-input":{"@type":"PropertyValueSpecification","valueRequired":true,"valueName":"search_term_string"}}],"inLanguage":"de"},{"@type":"Person","@id":"https:\/\/freizeitfokus.com\/#\/schema\/person\/11261ffb375eb6af471063d917fd2cd2","name":"KaPeHo","image":{"@type":"ImageObject","inLanguage":"de","@id":"https:\/\/secure.gravatar.com\/avatar\/2136294956f210af857ae84ebbbd49e091f45791b0cfdcdc7ee3d8232d67a99d?s=96&r=g&d=https:\/\/freizeitfokus.com\/wp-content\/plugins\/userswp\/assets\/images\/no_profile.png","url":"https:\/\/secure.gravatar.com\/avatar\/2136294956f210af857ae84ebbbd49e091f45791b0cfdcdc7ee3d8232d67a99d?s=96&r=g&d=https:\/\/freizeitfokus.com\/wp-content\/plugins\/userswp\/assets\/images\/no_profile.png","contentUrl":"https:\/\/secure.gravatar.com\/avatar\/2136294956f210af857ae84ebbbd49e091f45791b0cfdcdc7ee3d8232d67a99d?s=96&r=g&d=https:\/\/freizeitfokus.com\/wp-content\/plugins\/userswp\/assets\/images\/no_profile.png","caption":"KaPeHo"},"sameAs":["https:\/\/freizeitfokus.com"],"url":"https:\/\/freizeitfokus.com\/?page_id=37059\/kapeho"}]}},"jetpack_publicize_connections":[],"jetpack_featured_media_url":"https:\/\/freizeitfokus.com\/wp-content\/uploads\/2025\/11\/img_0227-2.jpg","jetpack_sharing_enabled":true,"ticketed":false,"_links":{"self":[{"href":"https:\/\/freizeitfokus.com\/index.php?rest_route=\/wp\/v2\/posts\/36769","targetHints":{"allow":["GET"]}}],"collection":[{"href":"https:\/\/freizeitfokus.com\/index.php?rest_route=\/wp\/v2\/posts"}],"about":[{"href":"https:\/\/freizeitfokus.com\/index.php?rest_route=\/wp\/v2\/types\/post"}],"author":[{"embeddable":true,"href":"https:\/\/freizeitfokus.com\/index.php?rest_route=\/wp\/v2\/users\/1"}],"replies":[{"embeddable":true,"href":"https:\/\/freizeitfokus.com\/index.php?rest_route=%2Fwp%2Fv2%2Fcomments&post=36769"}],"version-history":[{"count":0,"href":"https:\/\/freizeitfokus.com\/index.php?rest_route=\/wp\/v2\/posts\/36769\/revisions"}],"wp:featuredmedia":[{"embeddable":true,"href":"https:\/\/freizeitfokus.com\/index.php?rest_route=\/wp\/v2\/media\/36797"}],"wp:attachment":[{"href":"https:\/\/freizeitfokus.com\/index.php?rest_route=%2Fwp%2Fv2%2Fmedia&parent=36769"}],"wp:term":[{"taxonomy":"category","embeddable":true,"href":"https:\/\/freizeitfokus.com\/index.php?rest_route=%2Fwp%2Fv2%2Fcategories&post=36769"},{"taxonomy":"post_tag","embeddable":true,"href":"https:\/\/freizeitfokus.com\/index.php?rest_route=%2Fwp%2Fv2%2Ftags&post=36769"}],"curies":[{"name":"wp","href":"https:\/\/api.w.org\/{rel}","templated":true}]}}