{"id":37159,"date":"2026-04-30T12:55:09","date_gmt":"2026-04-30T10:55:09","guid":{"rendered":"https:\/\/freizeitfokus.com\/?p=37159"},"modified":"2026-04-30T12:56:18","modified_gmt":"2026-04-30T10:56:18","slug":"schlager-gipfel-in-hamburg-die-ndr-talk-show-am-01-05-2026-mit-mega-star-power","status":"publish","type":"post","link":"https:\/\/freizeitfokus.com\/?p=37159","title":{"rendered":"Schlager-Gipfel in Hamburg: Die NDR Talk Show am 01.05.2026 mit Mega-Star-Power"},"content":{"rendered":"\n<p>Wenn Barbara Sch\u00f6neberger und Hubertus Meyer-Burckhardt zur Talkrunde laden, dann ist Unterhaltung garantiert \u2013 doch diese Ausgabe hat es in sich: <strong>So viel Schlager-Potenzial gab es lange nicht mehr!<\/strong><\/p>\n\n\n\n<p>Im Mittelpunkt des Abends steht niemand Geringeres als <strong>Helene Fischer<\/strong>. Deutschlands erfolgreichste S\u00e4ngerin kehrt nicht nur auf die gro\u00dfe B\u00fchne zur\u00fcck, sondern auch ins Rampenlicht der Talkshow. Nach ihrer Auszeit und der Geburt ihres zweiten Kindes brennt sie darauf, wieder live zu performen. Ihre kommende <strong>360-Grad-Stadion-Tour<\/strong> verspricht ein echtes Spektakel \u2013 und in der Talkshow gibt es bereits einen ersten musikalischen Vorgeschmack. Von \u201eVon hier bis unendlich\u201c bis \u201eAtemlos durch die Nacht\u201c \u2013 die Fans d\u00fcrfen sich auf pure Emotionen freuen.<\/p>\n\n\n\n<p>Doch damit nicht genug: Auch <strong>Florian Silbereisen<\/strong> nimmt Platz auf dem ber\u00fchmten roten Sofa. Der Entertainer, der seit Jahren die Schlagerwelt pr\u00e4gt, trifft hier erstmals gemeinsam mit Helene Fischer in einer Talkrunde aufeinander \u2013 ein echtes Highlight! Ihre gemeinsame Geschichte, ihre musikalischen Begegnungen und vielleicht sogar ein Blick in die Zukunft sorgen f\u00fcr Spannung. Kommt es zu neuen Projekten? Die Chemie zwischen den beiden ist legend\u00e4r.<\/p>\n\n\n\n<p>Neben dem gro\u00dfen Schlager-Fokus bringt die Sendung weitere spannende G\u00e4ste mit:<br>So spricht Tennis-Ikone Angelique Kerber \u00fcber ihr Karriereende, ihr Abschiedsspiel und ihre neue Rolle als Sportdirektorin. \u00dcberraschend: Auch sie hat eine Verbindung zur Schlagerwelt!<\/p>\n\n\n\n<p>Fotograf <strong>Armin Morbach<\/strong> gibt Einblicke in seine Arbeit mit internationalen Stars \u2013 darunter auch Helene Fischer \u2013 und spricht \u00fcber Sch\u00f6nheitsideale im Wandel der Zeit.<\/p>\n\n\n\n<p>Mit <strong>Cornelia Funke<\/strong> wird es literarisch: Die \u201eMagierin der Worte\u201c erz\u00e4hlt von der Kraft der Fantasie und ihrem neuen Buch.<\/p>\n\n\n\n<p>Und die Hamburger Erfolgsunternehmer <strong>Frederik Braun und Gerrit Braun<\/strong> nehmen uns mit in die faszinierende Welt des Miniatur Wunderlands \u2013 inklusive spannender Jubil\u00e4umspl\u00e4ne.<\/p>\n\n\n\n<hr class=\"wp-block-separator has-alpha-channel-opacity\"\/>\n\n\n\n<p>\ud83c\udfa4 <strong>Fazit aus Freizeitfokus-Sicht:<\/strong><br>Diese Ausgabe ist mehr als nur eine Talkshow \u2013 sie ist ein <strong>Schlager-Event im TV-Format<\/strong>.<br>Mit Helene Fischer und Florian Silbereisen entsteht genau die Mischung, die Fans lieben: Emotion, Nostalgie und ganz viel B\u00fchnenmagie.<\/p>\n\n\n\n<p>\ud83d\udcfa <strong>Sendetermin:<\/strong> 01.05.2026 | 22:00 Uhr im NDR Fernsehen<br>\ud83d\udcf8 <\/p>\n\n\n\n<p>\ud83d\udc49 Einschalten lohnt sich \u2013 das wird ein Abend mit echtem G\u00e4nsehaut-Potenzial!<\/p>\n\n\n\n<figure class=\"wp-block-image size-large\"><img loading=\"lazy\" decoding=\"async\" width=\"1024\" height=\"683\" src=\"https:\/\/freizeitfokus.com\/wp-content\/uploads\/2026\/04\/DSC_9708-1024x683.jpg\" alt=\"\" class=\"wp-image-37161\" srcset=\"https:\/\/freizeitfokus.com\/wp-content\/uploads\/2026\/04\/DSC_9708-1024x683.jpg 1024w, https:\/\/freizeitfokus.com\/wp-content\/uploads\/2026\/04\/DSC_9708-300x200.jpg 300w, https:\/\/freizeitfokus.com\/wp-content\/uploads\/2026\/04\/DSC_9708-768x512.jpg 768w, https:\/\/freizeitfokus.com\/wp-content\/uploads\/2026\/04\/DSC_9708-1536x1024.jpg 1536w, https:\/\/freizeitfokus.com\/wp-content\/uploads\/2026\/04\/DSC_9708-2048x1365.jpg 2048w\" sizes=\"auto, (max-width: 1024px) 100vw, 1024px\" \/><\/figure>\n","protected":false},"excerpt":{"rendered":"<p>Wenn Barbara Sch\u00f6neberger und Hubertus Meyer-Burckhardt zur Talkrunde laden, dann ist Unterhaltung garantiert \u2013 doch diese Ausgabe hat es in sich: So viel Schlager-Potenzial gab es lange nicht mehr! Im [&hellip;]<\/p>\n","protected":false},"author":1,"featured_media":37160,"comment_status":"closed","ping_status":"open","sticky":false,"template":"","format":"standard","meta":{"_price":"","_stock":"","_tribe_ticket_header":"","_tribe_default_ticket_provider":"","_tribe_ticket_capacity":"0","_ticket_start_date":"","_ticket_end_date":"","_tribe_ticket_show_description":"","_tribe_ticket_show_not_going":false,"_tribe_ticket_use_global_stock":"","_tribe_ticket_global_stock_level":"","_global_stock_mode":"","_global_stock_cap":"","_tribe_rsvp_for_event":"","_tribe_ticket_going_count":"","_tribe_ticket_not_going_count":"","_tribe_tickets_list":"[]","_tribe_ticket_has_attendee_info_fields":false,"_jetpack_memberships_contains_paid_content":false,"footnotes":"","jetpack_publicize_message":"","jetpack_publicize_feature_enabled":true,"jetpack_social_post_already_shared":true,"jetpack_social_options":{"image_generator_settings":{"template":"highway","default_image_id":0,"font":"","enabled":false},"version":2},"_tec_slr_enabled":"","_tec_slr_layout":""},"categories":[407],"tags":[],"class_list":["post-37159","post","type-post","status-publish","format-standard","has-post-thumbnail","hentry","category-ndr-talk-show"],"yoast_head":"<!-- This site is optimized with the Yoast SEO plugin v27.5 - https:\/\/yoast.com\/product\/yoast-seo-wordpress\/ -->\n<title>Schlager-Gipfel in Hamburg: Die NDR Talk Show am 01.05.2026 mit Mega-Star-Power - Freizeit Fokus<\/title>\n<meta name=\"robots\" content=\"index, follow, max-snippet:-1, max-image-preview:large, max-video-preview:-1\" \/>\n<link rel=\"canonical\" href=\"https:\/\/freizeitfokus.com\/?p=37159\" \/>\n<meta property=\"og:locale\" content=\"de_DE\" \/>\n<meta property=\"og:type\" content=\"article\" \/>\n<meta property=\"og:title\" content=\"Schlager-Gipfel in Hamburg: Die NDR Talk Show am 01.05.2026 mit Mega-Star-Power - Freizeit Fokus\" \/>\n<meta property=\"og:description\" content=\"Wenn Barbara Sch\u00f6neberger und Hubertus Meyer-Burckhardt zur Talkrunde laden, dann ist Unterhaltung garantiert \u2013 doch diese Ausgabe hat es in sich:\" \/>\n<meta property=\"og:url\" content=\"https:\/\/freizeitfokus.com\/?p=37159\" \/>\n<meta property=\"og:site_name\" content=\"Freizeit Fokus\" \/>\n<meta property=\"article:published_time\" content=\"2026-04-30T10:55:09+00:00\" \/>\n<meta property=\"article:modified_time\" content=\"2026-04-30T10:56:18+00:00\" \/>\n<meta property=\"og:image\" content=\"https:\/\/freizeitfokus.com\/wp-content\/uploads\/2026\/04\/DSC_0001-scaled.jpg\" \/>\n\t<meta property=\"og:image:width\" content=\"2560\" \/>\n\t<meta property=\"og:image:height\" content=\"1707\" \/>\n\t<meta property=\"og:image:type\" content=\"image\/jpeg\" \/>\n<meta name=\"author\" content=\"KaPeHo\" \/>\n<meta name=\"twitter:card\" content=\"summary_large_image\" \/>\n<meta name=\"twitter:label1\" content=\"Verfasst von\" \/>\n\t<meta name=\"twitter:data1\" content=\"KaPeHo\" \/>\n\t<meta name=\"twitter:label2\" content=\"Gesch\u00e4tzte Lesezeit\" \/>\n\t<meta name=\"twitter:data2\" content=\"3\u00a0Minuten\" \/>\n<script type=\"application\/ld+json\" class=\"yoast-schema-graph\">{\"@context\":\"https:\\\/\\\/schema.org\",\"@graph\":[{\"@type\":\"Article\",\"@id\":\"https:\\\/\\\/freizeitfokus.com\\\/?p=37159#article\",\"isPartOf\":{\"@id\":\"https:\\\/\\\/freizeitfokus.com\\\/?p=37159\"},\"author\":{\"name\":\"KaPeHo\",\"@id\":\"https:\\\/\\\/freizeitfokus.com\\\/#\\\/schema\\\/person\\\/11261ffb375eb6af471063d917fd2cd2\"},\"headline\":\"Schlager-Gipfel in Hamburg: Die NDR Talk Show am 01.05.2026 mit Mega-Star-Power\",\"datePublished\":\"2026-04-30T10:55:09+00:00\",\"dateModified\":\"2026-04-30T10:56:18+00:00\",\"mainEntityOfPage\":{\"@id\":\"https:\\\/\\\/freizeitfokus.com\\\/?p=37159\"},\"wordCount\":351,\"image\":{\"@id\":\"https:\\\/\\\/freizeitfokus.com\\\/?p=37159#primaryimage\"},\"thumbnailUrl\":\"https:\\\/\\\/freizeitfokus.com\\\/wp-content\\\/uploads\\\/2026\\\/04\\\/DSC_0001-scaled.jpg\",\"articleSection\":[\"NDR Talk Show\"],\"inLanguage\":\"de\"},{\"@type\":\"WebPage\",\"@id\":\"https:\\\/\\\/freizeitfokus.com\\\/?p=37159\",\"url\":\"https:\\\/\\\/freizeitfokus.com\\\/?p=37159\",\"name\":\"Schlager-Gipfel in Hamburg: Die NDR Talk Show am 01.05.2026 mit Mega-Star-Power - Freizeit Fokus\",\"isPartOf\":{\"@id\":\"https:\\\/\\\/freizeitfokus.com\\\/#website\"},\"primaryImageOfPage\":{\"@id\":\"https:\\\/\\\/freizeitfokus.com\\\/?p=37159#primaryimage\"},\"image\":{\"@id\":\"https:\\\/\\\/freizeitfokus.com\\\/?p=37159#primaryimage\"},\"thumbnailUrl\":\"https:\\\/\\\/freizeitfokus.com\\\/wp-content\\\/uploads\\\/2026\\\/04\\\/DSC_0001-scaled.jpg\",\"datePublished\":\"2026-04-30T10:55:09+00:00\",\"dateModified\":\"2026-04-30T10:56:18+00:00\",\"author\":{\"@id\":\"https:\\\/\\\/freizeitfokus.com\\\/#\\\/schema\\\/person\\\/11261ffb375eb6af471063d917fd2cd2\"},\"breadcrumb\":{\"@id\":\"https:\\\/\\\/freizeitfokus.com\\\/?p=37159#breadcrumb\"},\"inLanguage\":\"de\",\"potentialAction\":[{\"@type\":\"ReadAction\",\"target\":[\"https:\\\/\\\/freizeitfokus.com\\\/?p=37159\"]}]},{\"@type\":\"ImageObject\",\"inLanguage\":\"de\",\"@id\":\"https:\\\/\\\/freizeitfokus.com\\\/?p=37159#primaryimage\",\"url\":\"https:\\\/\\\/freizeitfokus.com\\\/wp-content\\\/uploads\\\/2026\\\/04\\\/DSC_0001-scaled.jpg\",\"contentUrl\":\"https:\\\/\\\/freizeitfokus.com\\\/wp-content\\\/uploads\\\/2026\\\/04\\\/DSC_0001-scaled.jpg\",\"width\":2560,\"height\":1707},{\"@type\":\"BreadcrumbList\",\"@id\":\"https:\\\/\\\/freizeitfokus.com\\\/?p=37159#breadcrumb\",\"itemListElement\":[{\"@type\":\"ListItem\",\"position\":1,\"name\":\"Home\",\"item\":\"https:\\\/\\\/freizeitfokus.com\\\/\"},{\"@type\":\"ListItem\",\"position\":2,\"name\":\"Schlager-Gipfel in Hamburg: Die NDR Talk Show am 01.05.2026 mit Mega-Star-Power\"}]},{\"@type\":\"WebSite\",\"@id\":\"https:\\\/\\\/freizeitfokus.com\\\/#website\",\"url\":\"https:\\\/\\\/freizeitfokus.com\\\/\",\"name\":\"Freizeit Fokus\",\"description\":\"Dein unabh\u00e4ngiges Online-Magazin f\u00fcr Erlebnisse und Freizeit\",\"potentialAction\":[{\"@type\":\"SearchAction\",\"target\":{\"@type\":\"EntryPoint\",\"urlTemplate\":\"https:\\\/\\\/freizeitfokus.com\\\/?s={search_term_string}\"},\"query-input\":{\"@type\":\"PropertyValueSpecification\",\"valueRequired\":true,\"valueName\":\"search_term_string\"}}],\"inLanguage\":\"de\"},{\"@type\":\"Person\",\"@id\":\"https:\\\/\\\/freizeitfokus.com\\\/#\\\/schema\\\/person\\\/11261ffb375eb6af471063d917fd2cd2\",\"name\":\"KaPeHo\",\"image\":{\"@type\":\"ImageObject\",\"inLanguage\":\"de\",\"@id\":\"https:\\\/\\\/secure.gravatar.com\\\/avatar\\\/2136294956f210af857ae84ebbbd49e091f45791b0cfdcdc7ee3d8232d67a99d?s=96&r=g&d=https:\\\/\\\/freizeitfokus.com\\\/wp-content\\\/plugins\\\/userswp\\\/assets\\\/images\\\/no_profile.png\",\"url\":\"https:\\\/\\\/secure.gravatar.com\\\/avatar\\\/2136294956f210af857ae84ebbbd49e091f45791b0cfdcdc7ee3d8232d67a99d?s=96&r=g&d=https:\\\/\\\/freizeitfokus.com\\\/wp-content\\\/plugins\\\/userswp\\\/assets\\\/images\\\/no_profile.png\",\"contentUrl\":\"https:\\\/\\\/secure.gravatar.com\\\/avatar\\\/2136294956f210af857ae84ebbbd49e091f45791b0cfdcdc7ee3d8232d67a99d?s=96&r=g&d=https:\\\/\\\/freizeitfokus.com\\\/wp-content\\\/plugins\\\/userswp\\\/assets\\\/images\\\/no_profile.png\",\"caption\":\"KaPeHo\"},\"sameAs\":[\"https:\\\/\\\/freizeitfokus.com\"],\"url\":\"https:\\\/\\\/freizeitfokus.com\\\/?page_id=37059\\\/kapeho\"}]}<\/script>\n<!-- \/ Yoast SEO plugin. -->","yoast_head_json":{"title":"Schlager-Gipfel in Hamburg: Die NDR Talk Show am 01.05.2026 mit Mega-Star-Power - Freizeit Fokus","robots":{"index":"index","follow":"follow","max-snippet":"max-snippet:-1","max-image-preview":"max-image-preview:large","max-video-preview":"max-video-preview:-1"},"canonical":"https:\/\/freizeitfokus.com\/?p=37159","og_locale":"de_DE","og_type":"article","og_title":"Schlager-Gipfel in Hamburg: Die NDR Talk Show am 01.05.2026 mit Mega-Star-Power - Freizeit Fokus","og_description":"Wenn Barbara Sch\u00f6neberger und Hubertus Meyer-Burckhardt zur Talkrunde laden, dann ist Unterhaltung garantiert \u2013 doch diese Ausgabe hat es in sich:","og_url":"https:\/\/freizeitfokus.com\/?p=37159","og_site_name":"Freizeit Fokus","article_published_time":"2026-04-30T10:55:09+00:00","article_modified_time":"2026-04-30T10:56:18+00:00","og_image":[{"width":2560,"height":1707,"url":"https:\/\/freizeitfokus.com\/wp-content\/uploads\/2026\/04\/DSC_0001-scaled.jpg","type":"image\/jpeg"}],"author":"KaPeHo","twitter_card":"summary_large_image","twitter_misc":{"Verfasst von":"KaPeHo","Gesch\u00e4tzte Lesezeit":"3\u00a0Minuten"},"schema":{"@context":"https:\/\/schema.org","@graph":[{"@type":"Article","@id":"https:\/\/freizeitfokus.com\/?p=37159#article","isPartOf":{"@id":"https:\/\/freizeitfokus.com\/?p=37159"},"author":{"name":"KaPeHo","@id":"https:\/\/freizeitfokus.com\/#\/schema\/person\/11261ffb375eb6af471063d917fd2cd2"},"headline":"Schlager-Gipfel in Hamburg: Die NDR Talk Show am 01.05.2026 mit Mega-Star-Power","datePublished":"2026-04-30T10:55:09+00:00","dateModified":"2026-04-30T10:56:18+00:00","mainEntityOfPage":{"@id":"https:\/\/freizeitfokus.com\/?p=37159"},"wordCount":351,"image":{"@id":"https:\/\/freizeitfokus.com\/?p=37159#primaryimage"},"thumbnailUrl":"https:\/\/freizeitfokus.com\/wp-content\/uploads\/2026\/04\/DSC_0001-scaled.jpg","articleSection":["NDR Talk Show"],"inLanguage":"de"},{"@type":"WebPage","@id":"https:\/\/freizeitfokus.com\/?p=37159","url":"https:\/\/freizeitfokus.com\/?p=37159","name":"Schlager-Gipfel in Hamburg: Die NDR Talk Show am 01.05.2026 mit Mega-Star-Power - Freizeit Fokus","isPartOf":{"@id":"https:\/\/freizeitfokus.com\/#website"},"primaryImageOfPage":{"@id":"https:\/\/freizeitfokus.com\/?p=37159#primaryimage"},"image":{"@id":"https:\/\/freizeitfokus.com\/?p=37159#primaryimage"},"thumbnailUrl":"https:\/\/freizeitfokus.com\/wp-content\/uploads\/2026\/04\/DSC_0001-scaled.jpg","datePublished":"2026-04-30T10:55:09+00:00","dateModified":"2026-04-30T10:56:18+00:00","author":{"@id":"https:\/\/freizeitfokus.com\/#\/schema\/person\/11261ffb375eb6af471063d917fd2cd2"},"breadcrumb":{"@id":"https:\/\/freizeitfokus.com\/?p=37159#breadcrumb"},"inLanguage":"de","potentialAction":[{"@type":"ReadAction","target":["https:\/\/freizeitfokus.com\/?p=37159"]}]},{"@type":"ImageObject","inLanguage":"de","@id":"https:\/\/freizeitfokus.com\/?p=37159#primaryimage","url":"https:\/\/freizeitfokus.com\/wp-content\/uploads\/2026\/04\/DSC_0001-scaled.jpg","contentUrl":"https:\/\/freizeitfokus.com\/wp-content\/uploads\/2026\/04\/DSC_0001-scaled.jpg","width":2560,"height":1707},{"@type":"BreadcrumbList","@id":"https:\/\/freizeitfokus.com\/?p=37159#breadcrumb","itemListElement":[{"@type":"ListItem","position":1,"name":"Home","item":"https:\/\/freizeitfokus.com\/"},{"@type":"ListItem","position":2,"name":"Schlager-Gipfel in Hamburg: Die NDR Talk Show am 01.05.2026 mit Mega-Star-Power"}]},{"@type":"WebSite","@id":"https:\/\/freizeitfokus.com\/#website","url":"https:\/\/freizeitfokus.com\/","name":"Freizeit Fokus","description":"Dein unabh\u00e4ngiges Online-Magazin f\u00fcr Erlebnisse und Freizeit","potentialAction":[{"@type":"SearchAction","target":{"@type":"EntryPoint","urlTemplate":"https:\/\/freizeitfokus.com\/?s={search_term_string}"},"query-input":{"@type":"PropertyValueSpecification","valueRequired":true,"valueName":"search_term_string"}}],"inLanguage":"de"},{"@type":"Person","@id":"https:\/\/freizeitfokus.com\/#\/schema\/person\/11261ffb375eb6af471063d917fd2cd2","name":"KaPeHo","image":{"@type":"ImageObject","inLanguage":"de","@id":"https:\/\/secure.gravatar.com\/avatar\/2136294956f210af857ae84ebbbd49e091f45791b0cfdcdc7ee3d8232d67a99d?s=96&r=g&d=https:\/\/freizeitfokus.com\/wp-content\/plugins\/userswp\/assets\/images\/no_profile.png","url":"https:\/\/secure.gravatar.com\/avatar\/2136294956f210af857ae84ebbbd49e091f45791b0cfdcdc7ee3d8232d67a99d?s=96&r=g&d=https:\/\/freizeitfokus.com\/wp-content\/plugins\/userswp\/assets\/images\/no_profile.png","contentUrl":"https:\/\/secure.gravatar.com\/avatar\/2136294956f210af857ae84ebbbd49e091f45791b0cfdcdc7ee3d8232d67a99d?s=96&r=g&d=https:\/\/freizeitfokus.com\/wp-content\/plugins\/userswp\/assets\/images\/no_profile.png","caption":"KaPeHo"},"sameAs":["https:\/\/freizeitfokus.com"],"url":"https:\/\/freizeitfokus.com\/?page_id=37059\/kapeho"}]}},"jetpack_publicize_connections":[],"jetpack_featured_media_url":"https:\/\/freizeitfokus.com\/wp-content\/uploads\/2026\/04\/DSC_0001-scaled.jpg","jetpack_sharing_enabled":true,"ticketed":false,"_links":{"self":[{"href":"https:\/\/freizeitfokus.com\/index.php?rest_route=\/wp\/v2\/posts\/37159","targetHints":{"allow":["GET"]}}],"collection":[{"href":"https:\/\/freizeitfokus.com\/index.php?rest_route=\/wp\/v2\/posts"}],"about":[{"href":"https:\/\/freizeitfokus.com\/index.php?rest_route=\/wp\/v2\/types\/post"}],"author":[{"embeddable":true,"href":"https:\/\/freizeitfokus.com\/index.php?rest_route=\/wp\/v2\/users\/1"}],"replies":[{"embeddable":true,"href":"https:\/\/freizeitfokus.com\/index.php?rest_route=%2Fwp%2Fv2%2Fcomments&post=37159"}],"version-history":[{"count":0,"href":"https:\/\/freizeitfokus.com\/index.php?rest_route=\/wp\/v2\/posts\/37159\/revisions"}],"wp:featuredmedia":[{"embeddable":true,"href":"https:\/\/freizeitfokus.com\/index.php?rest_route=\/wp\/v2\/media\/37160"}],"wp:attachment":[{"href":"https:\/\/freizeitfokus.com\/index.php?rest_route=%2Fwp%2Fv2%2Fmedia&parent=37159"}],"wp:term":[{"taxonomy":"category","embeddable":true,"href":"https:\/\/freizeitfokus.com\/index.php?rest_route=%2Fwp%2Fv2%2Fcategories&post=37159"},{"taxonomy":"post_tag","embeddable":true,"href":"https:\/\/freizeitfokus.com\/index.php?rest_route=%2Fwp%2Fv2%2Ftags&post=37159"}],"curies":[{"name":"wp","href":"https:\/\/api.w.org\/{rel}","templated":true}]}}