{"id":37163,"date":"2026-04-30T13:23:04","date_gmt":"2026-04-30T11:23:04","guid":{"rendered":"https:\/\/freizeitfokus.com\/?p=37163"},"modified":"2026-04-30T13:23:17","modified_gmt":"2026-04-30T11:23:17","slug":"%f0%9f%8e%a4-schlagernacht-am-kalkberg-2026-wir-sind-dabei","status":"publish","type":"post","link":"https:\/\/freizeitfokus.com\/?p=37163","title":{"rendered":"\ud83c\udfa4 Schlagernacht am Kalkberg 2026 \u2013 Wir sind dabei!"},"content":{"rendered":"\n<p>Am <strong>02. Mai 2026<\/strong> verwandelt sich die Kalkberg Arena in Bad Segeberg erneut in eine gro\u00dfe B\u00fchne f\u00fcr Schlagerfans: Die <strong>Schlagernacht am Kalkberg<\/strong> verspricht einen Abend voller Hits, Emotionen und bester Stimmung.<\/p>\n\n\n\n<p>Auch <strong>Freizeitfokus<\/strong> ist wieder vor Ort und wird das Event redaktionell begleiten \u2013 mit einer umfangreichen Fotostrecke und Eindr\u00fccken direkt aus der Arena.<\/p>\n\n\n\n<h3 class=\"wp-block-heading\">\ud83c\udf1f Das Line-up im \u00dcberblick<\/h3>\n\n\n\n<p>Freut euch auf ein abwechslungsreiches Programm mit bekannten Namen und starken Live-Acts:<\/p>\n\n\n\n<ul class=\"wp-block-list\">\n<li>Die Anderssons<\/li>\n\n\n\n<li>Frenzy<\/li>\n\n\n\n<li>Vanessa Neigert<\/li>\n\n\n\n<li>Anna Maria Zivkov<\/li>\n\n\n\n<li>Mike Leon Grosch<\/li>\n\n\n\n<li>Michael Holm<\/li>\n\n\n\n<li>Ross Antony<\/li>\n\n\n\n<li>Lorenz B\u00fcffel<\/li>\n\n\n\n<li>Kerstin Ott<\/li>\n\n\n\n<li>Oli P.<\/li>\n<\/ul>\n\n\n\n<p>Durch den Abend f\u00fchrt <strong>Pascal Krieger<\/strong>, der mit Charme und Energie f\u00fcr die passende Verbindung zwischen den Acts sorgt.<\/p>\n\n\n\n<h3 class=\"wp-block-heading\">\ud83d\udccd Veranstaltungsdetails<\/h3>\n\n\n\n<p><strong>Ort:<\/strong> Kalkberg Arena, Bad Segeberg<br><strong>Datum:<\/strong> 02. Mai 2026<br><strong>Einlass:<\/strong> ab 15:45 Uhr<br><strong>Beginn des Programms:<\/strong> ab ca. 17:45 Uhr<\/p>\n\n\n\n<h3 class=\"wp-block-heading\">\ud83d\udcf8 Freizeitfokus vor Ort<\/h3>\n\n\n\n<p>Unsere Redaktion wird das Event begleiten und euch im Anschluss mit den besten Momenten versorgen. Freut euch auf <strong>exklusive Bilder, besondere Augenblicke und die Highlights des Abends<\/strong> direkt auf freizeitfokus.com sowie unseren Social-Media-Kan\u00e4len.<\/p>\n","protected":false},"excerpt":{"rendered":"<p>Am 02. Mai 2026 verwandelt sich die Kalkberg Arena in Bad Segeberg erneut in eine gro\u00dfe B\u00fchne f\u00fcr Schlagerfans: Die Schlagernacht am Kalkberg verspricht einen Abend voller Hits, Emotionen und [&hellip;]<\/p>\n","protected":false},"author":1,"featured_media":37164,"comment_status":"closed","ping_status":"open","sticky":false,"template":"","format":"standard","meta":{"_price":"","_stock":"","_tribe_ticket_header":"","_tribe_default_ticket_provider":"","_tribe_ticket_capacity":"0","_ticket_start_date":"","_ticket_end_date":"","_tribe_ticket_show_description":"","_tribe_ticket_show_not_going":false,"_tribe_ticket_use_global_stock":"","_tribe_ticket_global_stock_level":"","_global_stock_mode":"","_global_stock_cap":"","_tribe_rsvp_for_event":"","_tribe_ticket_going_count":"","_tribe_ticket_not_going_count":"","_tribe_tickets_list":"[]","_tribe_ticket_has_attendee_info_fields":false,"_jetpack_memberships_contains_paid_content":false,"footnotes":"","jetpack_publicize_message":"","jetpack_publicize_feature_enabled":true,"jetpack_social_post_already_shared":true,"jetpack_social_options":{"image_generator_settings":{"template":"highway","default_image_id":0,"font":"","enabled":false},"version":2},"_tec_slr_enabled":"","_tec_slr_layout":""},"categories":[20],"tags":[],"class_list":["post-37163","post","type-post","status-publish","format-standard","has-post-thumbnail","hentry","category-vorankuendigung"],"yoast_head":"<!-- This site is optimized with the Yoast SEO plugin v27.5 - https:\/\/yoast.com\/product\/yoast-seo-wordpress\/ -->\n<title>\ud83c\udfa4 Schlagernacht am Kalkberg 2026 \u2013 Wir sind dabei! - Freizeit Fokus<\/title>\n<meta name=\"robots\" content=\"index, follow, max-snippet:-1, max-image-preview:large, max-video-preview:-1\" \/>\n<link rel=\"canonical\" href=\"https:\/\/freizeitfokus.com\/?p=37163\" \/>\n<meta property=\"og:locale\" content=\"de_DE\" \/>\n<meta property=\"og:type\" content=\"article\" \/>\n<meta property=\"og:title\" content=\"\ud83c\udfa4 Schlagernacht am Kalkberg 2026 \u2013 Wir sind dabei! - Freizeit Fokus\" \/>\n<meta property=\"og:description\" content=\"Am 02. Mai 2026 verwandelt sich die Kalkberg Arena in Bad Segeberg erneut in eine gro\u00dfe B\u00fchne f\u00fcr Schlagerfans: Die Schlagernacht am Kalkberg versp\" \/>\n<meta property=\"og:url\" content=\"https:\/\/freizeitfokus.com\/?p=37163\" \/>\n<meta property=\"og:site_name\" content=\"Freizeit Fokus\" \/>\n<meta property=\"article:published_time\" content=\"2026-04-30T11:23:04+00:00\" \/>\n<meta property=\"article:modified_time\" content=\"2026-04-30T11:23:17+00:00\" \/>\n<meta property=\"og:image\" content=\"https:\/\/freizeitfokus.com\/wp-content\/uploads\/2026\/04\/ChatGPT-Image-30.-Apr.-2026-13_21_38-1024x1024.png\" \/>\n\t<meta property=\"og:image:width\" content=\"1024\" \/>\n\t<meta property=\"og:image:height\" content=\"1024\" \/>\n\t<meta property=\"og:image:type\" content=\"image\/png\" \/>\n<meta name=\"author\" content=\"KaPeHo\" \/>\n<meta name=\"twitter:card\" content=\"summary_large_image\" \/>\n<meta name=\"twitter:label1\" content=\"Verfasst von\" \/>\n\t<meta name=\"twitter:data1\" content=\"KaPeHo\" \/>\n\t<meta name=\"twitter:label2\" content=\"Gesch\u00e4tzte Lesezeit\" \/>\n\t<meta name=\"twitter:data2\" content=\"2\u00a0Minuten\" \/>\n<script type=\"application\/ld+json\" class=\"yoast-schema-graph\">{\"@context\":\"https:\\\/\\\/schema.org\",\"@graph\":[{\"@type\":\"Article\",\"@id\":\"https:\\\/\\\/freizeitfokus.com\\\/?p=37163#article\",\"isPartOf\":{\"@id\":\"https:\\\/\\\/freizeitfokus.com\\\/?p=37163\"},\"author\":{\"name\":\"KaPeHo\",\"@id\":\"https:\\\/\\\/freizeitfokus.com\\\/#\\\/schema\\\/person\\\/11261ffb375eb6af471063d917fd2cd2\"},\"headline\":\"\ud83c\udfa4 Schlagernacht am Kalkberg 2026 \u2013 Wir sind dabei!\",\"datePublished\":\"2026-04-30T11:23:04+00:00\",\"dateModified\":\"2026-04-30T11:23:17+00:00\",\"mainEntityOfPage\":{\"@id\":\"https:\\\/\\\/freizeitfokus.com\\\/?p=37163\"},\"wordCount\":176,\"image\":{\"@id\":\"https:\\\/\\\/freizeitfokus.com\\\/?p=37163#primaryimage\"},\"thumbnailUrl\":\"https:\\\/\\\/freizeitfokus.com\\\/wp-content\\\/uploads\\\/2026\\\/04\\\/ChatGPT-Image-30.-Apr.-2026-13_21_38.png\",\"articleSection\":[\"Vorank\u00fcndigung\"],\"inLanguage\":\"de\"},{\"@type\":\"WebPage\",\"@id\":\"https:\\\/\\\/freizeitfokus.com\\\/?p=37163\",\"url\":\"https:\\\/\\\/freizeitfokus.com\\\/?p=37163\",\"name\":\"\ud83c\udfa4 Schlagernacht am Kalkberg 2026 \u2013 Wir sind dabei! - Freizeit Fokus\",\"isPartOf\":{\"@id\":\"https:\\\/\\\/freizeitfokus.com\\\/#website\"},\"primaryImageOfPage\":{\"@id\":\"https:\\\/\\\/freizeitfokus.com\\\/?p=37163#primaryimage\"},\"image\":{\"@id\":\"https:\\\/\\\/freizeitfokus.com\\\/?p=37163#primaryimage\"},\"thumbnailUrl\":\"https:\\\/\\\/freizeitfokus.com\\\/wp-content\\\/uploads\\\/2026\\\/04\\\/ChatGPT-Image-30.-Apr.-2026-13_21_38.png\",\"datePublished\":\"2026-04-30T11:23:04+00:00\",\"dateModified\":\"2026-04-30T11:23:17+00:00\",\"author\":{\"@id\":\"https:\\\/\\\/freizeitfokus.com\\\/#\\\/schema\\\/person\\\/11261ffb375eb6af471063d917fd2cd2\"},\"breadcrumb\":{\"@id\":\"https:\\\/\\\/freizeitfokus.com\\\/?p=37163#breadcrumb\"},\"inLanguage\":\"de\",\"potentialAction\":[{\"@type\":\"ReadAction\",\"target\":[\"https:\\\/\\\/freizeitfokus.com\\\/?p=37163\"]}]},{\"@type\":\"ImageObject\",\"inLanguage\":\"de\",\"@id\":\"https:\\\/\\\/freizeitfokus.com\\\/?p=37163#primaryimage\",\"url\":\"https:\\\/\\\/freizeitfokus.com\\\/wp-content\\\/uploads\\\/2026\\\/04\\\/ChatGPT-Image-30.-Apr.-2026-13_21_38.png\",\"contentUrl\":\"https:\\\/\\\/freizeitfokus.com\\\/wp-content\\\/uploads\\\/2026\\\/04\\\/ChatGPT-Image-30.-Apr.-2026-13_21_38.png\",\"width\":1254,\"height\":1254},{\"@type\":\"BreadcrumbList\",\"@id\":\"https:\\\/\\\/freizeitfokus.com\\\/?p=37163#breadcrumb\",\"itemListElement\":[{\"@type\":\"ListItem\",\"position\":1,\"name\":\"Home\",\"item\":\"https:\\\/\\\/freizeitfokus.com\\\/\"},{\"@type\":\"ListItem\",\"position\":2,\"name\":\"\ud83c\udfa4 Schlagernacht am Kalkberg 2026 \u2013 Wir sind dabei!\"}]},{\"@type\":\"WebSite\",\"@id\":\"https:\\\/\\\/freizeitfokus.com\\\/#website\",\"url\":\"https:\\\/\\\/freizeitfokus.com\\\/\",\"name\":\"Freizeit Fokus\",\"description\":\"Dein unabh\u00e4ngiges Online-Magazin f\u00fcr Erlebnisse und Freizeit\",\"potentialAction\":[{\"@type\":\"SearchAction\",\"target\":{\"@type\":\"EntryPoint\",\"urlTemplate\":\"https:\\\/\\\/freizeitfokus.com\\\/?s={search_term_string}\"},\"query-input\":{\"@type\":\"PropertyValueSpecification\",\"valueRequired\":true,\"valueName\":\"search_term_string\"}}],\"inLanguage\":\"de\"},{\"@type\":\"Person\",\"@id\":\"https:\\\/\\\/freizeitfokus.com\\\/#\\\/schema\\\/person\\\/11261ffb375eb6af471063d917fd2cd2\",\"name\":\"KaPeHo\",\"image\":{\"@type\":\"ImageObject\",\"inLanguage\":\"de\",\"@id\":\"https:\\\/\\\/secure.gravatar.com\\\/avatar\\\/2136294956f210af857ae84ebbbd49e091f45791b0cfdcdc7ee3d8232d67a99d?s=96&r=g&d=https:\\\/\\\/freizeitfokus.com\\\/wp-content\\\/plugins\\\/userswp\\\/assets\\\/images\\\/no_profile.png\",\"url\":\"https:\\\/\\\/secure.gravatar.com\\\/avatar\\\/2136294956f210af857ae84ebbbd49e091f45791b0cfdcdc7ee3d8232d67a99d?s=96&r=g&d=https:\\\/\\\/freizeitfokus.com\\\/wp-content\\\/plugins\\\/userswp\\\/assets\\\/images\\\/no_profile.png\",\"contentUrl\":\"https:\\\/\\\/secure.gravatar.com\\\/avatar\\\/2136294956f210af857ae84ebbbd49e091f45791b0cfdcdc7ee3d8232d67a99d?s=96&r=g&d=https:\\\/\\\/freizeitfokus.com\\\/wp-content\\\/plugins\\\/userswp\\\/assets\\\/images\\\/no_profile.png\",\"caption\":\"KaPeHo\"},\"sameAs\":[\"https:\\\/\\\/freizeitfokus.com\"],\"url\":\"https:\\\/\\\/freizeitfokus.com\\\/?page_id=37059\\\/kapeho\"}]}<\/script>\n<!-- \/ Yoast SEO plugin. -->","yoast_head_json":{"title":"\ud83c\udfa4 Schlagernacht am Kalkberg 2026 \u2013 Wir sind dabei! - Freizeit Fokus","robots":{"index":"index","follow":"follow","max-snippet":"max-snippet:-1","max-image-preview":"max-image-preview:large","max-video-preview":"max-video-preview:-1"},"canonical":"https:\/\/freizeitfokus.com\/?p=37163","og_locale":"de_DE","og_type":"article","og_title":"\ud83c\udfa4 Schlagernacht am Kalkberg 2026 \u2013 Wir sind dabei! - Freizeit Fokus","og_description":"Am 02. Mai 2026 verwandelt sich die Kalkberg Arena in Bad Segeberg erneut in eine gro\u00dfe B\u00fchne f\u00fcr Schlagerfans: Die Schlagernacht am Kalkberg versp","og_url":"https:\/\/freizeitfokus.com\/?p=37163","og_site_name":"Freizeit Fokus","article_published_time":"2026-04-30T11:23:04+00:00","article_modified_time":"2026-04-30T11:23:17+00:00","og_image":[{"width":1024,"height":1024,"url":"https:\/\/freizeitfokus.com\/wp-content\/uploads\/2026\/04\/ChatGPT-Image-30.-Apr.-2026-13_21_38-1024x1024.png","type":"image\/png"}],"author":"KaPeHo","twitter_card":"summary_large_image","twitter_misc":{"Verfasst von":"KaPeHo","Gesch\u00e4tzte Lesezeit":"2\u00a0Minuten"},"schema":{"@context":"https:\/\/schema.org","@graph":[{"@type":"Article","@id":"https:\/\/freizeitfokus.com\/?p=37163#article","isPartOf":{"@id":"https:\/\/freizeitfokus.com\/?p=37163"},"author":{"name":"KaPeHo","@id":"https:\/\/freizeitfokus.com\/#\/schema\/person\/11261ffb375eb6af471063d917fd2cd2"},"headline":"\ud83c\udfa4 Schlagernacht am Kalkberg 2026 \u2013 Wir sind dabei!","datePublished":"2026-04-30T11:23:04+00:00","dateModified":"2026-04-30T11:23:17+00:00","mainEntityOfPage":{"@id":"https:\/\/freizeitfokus.com\/?p=37163"},"wordCount":176,"image":{"@id":"https:\/\/freizeitfokus.com\/?p=37163#primaryimage"},"thumbnailUrl":"https:\/\/freizeitfokus.com\/wp-content\/uploads\/2026\/04\/ChatGPT-Image-30.-Apr.-2026-13_21_38.png","articleSection":["Vorank\u00fcndigung"],"inLanguage":"de"},{"@type":"WebPage","@id":"https:\/\/freizeitfokus.com\/?p=37163","url":"https:\/\/freizeitfokus.com\/?p=37163","name":"\ud83c\udfa4 Schlagernacht am Kalkberg 2026 \u2013 Wir sind dabei! - Freizeit Fokus","isPartOf":{"@id":"https:\/\/freizeitfokus.com\/#website"},"primaryImageOfPage":{"@id":"https:\/\/freizeitfokus.com\/?p=37163#primaryimage"},"image":{"@id":"https:\/\/freizeitfokus.com\/?p=37163#primaryimage"},"thumbnailUrl":"https:\/\/freizeitfokus.com\/wp-content\/uploads\/2026\/04\/ChatGPT-Image-30.-Apr.-2026-13_21_38.png","datePublished":"2026-04-30T11:23:04+00:00","dateModified":"2026-04-30T11:23:17+00:00","author":{"@id":"https:\/\/freizeitfokus.com\/#\/schema\/person\/11261ffb375eb6af471063d917fd2cd2"},"breadcrumb":{"@id":"https:\/\/freizeitfokus.com\/?p=37163#breadcrumb"},"inLanguage":"de","potentialAction":[{"@type":"ReadAction","target":["https:\/\/freizeitfokus.com\/?p=37163"]}]},{"@type":"ImageObject","inLanguage":"de","@id":"https:\/\/freizeitfokus.com\/?p=37163#primaryimage","url":"https:\/\/freizeitfokus.com\/wp-content\/uploads\/2026\/04\/ChatGPT-Image-30.-Apr.-2026-13_21_38.png","contentUrl":"https:\/\/freizeitfokus.com\/wp-content\/uploads\/2026\/04\/ChatGPT-Image-30.-Apr.-2026-13_21_38.png","width":1254,"height":1254},{"@type":"BreadcrumbList","@id":"https:\/\/freizeitfokus.com\/?p=37163#breadcrumb","itemListElement":[{"@type":"ListItem","position":1,"name":"Home","item":"https:\/\/freizeitfokus.com\/"},{"@type":"ListItem","position":2,"name":"\ud83c\udfa4 Schlagernacht am Kalkberg 2026 \u2013 Wir sind dabei!"}]},{"@type":"WebSite","@id":"https:\/\/freizeitfokus.com\/#website","url":"https:\/\/freizeitfokus.com\/","name":"Freizeit Fokus","description":"Dein unabh\u00e4ngiges Online-Magazin f\u00fcr Erlebnisse und Freizeit","potentialAction":[{"@type":"SearchAction","target":{"@type":"EntryPoint","urlTemplate":"https:\/\/freizeitfokus.com\/?s={search_term_string}"},"query-input":{"@type":"PropertyValueSpecification","valueRequired":true,"valueName":"search_term_string"}}],"inLanguage":"de"},{"@type":"Person","@id":"https:\/\/freizeitfokus.com\/#\/schema\/person\/11261ffb375eb6af471063d917fd2cd2","name":"KaPeHo","image":{"@type":"ImageObject","inLanguage":"de","@id":"https:\/\/secure.gravatar.com\/avatar\/2136294956f210af857ae84ebbbd49e091f45791b0cfdcdc7ee3d8232d67a99d?s=96&r=g&d=https:\/\/freizeitfokus.com\/wp-content\/plugins\/userswp\/assets\/images\/no_profile.png","url":"https:\/\/secure.gravatar.com\/avatar\/2136294956f210af857ae84ebbbd49e091f45791b0cfdcdc7ee3d8232d67a99d?s=96&r=g&d=https:\/\/freizeitfokus.com\/wp-content\/plugins\/userswp\/assets\/images\/no_profile.png","contentUrl":"https:\/\/secure.gravatar.com\/avatar\/2136294956f210af857ae84ebbbd49e091f45791b0cfdcdc7ee3d8232d67a99d?s=96&r=g&d=https:\/\/freizeitfokus.com\/wp-content\/plugins\/userswp\/assets\/images\/no_profile.png","caption":"KaPeHo"},"sameAs":["https:\/\/freizeitfokus.com"],"url":"https:\/\/freizeitfokus.com\/?page_id=37059\/kapeho"}]}},"jetpack_publicize_connections":[],"jetpack_featured_media_url":"https:\/\/freizeitfokus.com\/wp-content\/uploads\/2026\/04\/ChatGPT-Image-30.-Apr.-2026-13_21_38.png","jetpack_sharing_enabled":true,"ticketed":false,"_links":{"self":[{"href":"https:\/\/freizeitfokus.com\/index.php?rest_route=\/wp\/v2\/posts\/37163","targetHints":{"allow":["GET"]}}],"collection":[{"href":"https:\/\/freizeitfokus.com\/index.php?rest_route=\/wp\/v2\/posts"}],"about":[{"href":"https:\/\/freizeitfokus.com\/index.php?rest_route=\/wp\/v2\/types\/post"}],"author":[{"embeddable":true,"href":"https:\/\/freizeitfokus.com\/index.php?rest_route=\/wp\/v2\/users\/1"}],"replies":[{"embeddable":true,"href":"https:\/\/freizeitfokus.com\/index.php?rest_route=%2Fwp%2Fv2%2Fcomments&post=37163"}],"version-history":[{"count":0,"href":"https:\/\/freizeitfokus.com\/index.php?rest_route=\/wp\/v2\/posts\/37163\/revisions"}],"wp:featuredmedia":[{"embeddable":true,"href":"https:\/\/freizeitfokus.com\/index.php?rest_route=\/wp\/v2\/media\/37164"}],"wp:attachment":[{"href":"https:\/\/freizeitfokus.com\/index.php?rest_route=%2Fwp%2Fv2%2Fmedia&parent=37163"}],"wp:term":[{"taxonomy":"category","embeddable":true,"href":"https:\/\/freizeitfokus.com\/index.php?rest_route=%2Fwp%2Fv2%2Fcategories&post=37163"},{"taxonomy":"post_tag","embeddable":true,"href":"https:\/\/freizeitfokus.com\/index.php?rest_route=%2Fwp%2Fv2%2Ftags&post=37163"}],"curies":[{"name":"wp","href":"https:\/\/api.w.org\/{rel}","templated":true}]}}