{"id":588,"date":"2024-10-19T02:43:45","date_gmt":"2024-10-19T00:43:45","guid":{"rendered":"https:\/\/freizeitfokus.com\/?p=588"},"modified":"2024-10-19T02:44:19","modified_gmt":"2024-10-19T00:44:19","slug":"urlaub-an-der-nordsee-wird-teurer-kurtaxe-in-st-peter-ording-steigt","status":"publish","type":"post","link":"https:\/\/freizeitfokus.com\/?p=588","title":{"rendered":"Urlaub an der Nordsee wird teurer: Kurtaxe in St. Peter-Ording steigt"},"content":{"rendered":"\n<p>Sonne, Wind und einer der sch\u00f6nsten Str\u00e4nde der Nordsee: St. Peter-Ording z\u00e4hlt zu den beliebtesten Urlaubszielen im Norden. Doch nun gibt es eine unerfreuliche Nachricht f\u00fcr Touristen: Die Kurtaxe wird angehoben. Was das f\u00fcr Urlauber und lokale Unternehmen bedeutet, erfahren Sie hier:<\/p>\n\n\n\n<p>Wie die Tourismus-Zentrale von St. Peter-Ording am Donnerstag mitteilte, wird die Kurtaxe im kommenden Jahr steigen. Der Tourismus- und Finanzausschuss hatten sich in ihren Sitzungen am 15. und 16. Oktober 2024 einstimmig f\u00fcr die Erh\u00f6hung ausgesprochen.<\/p>\n\n\n\n<p><strong>Urlauber zahlen einen Euro mehr f\u00fcr den Strandbesuch \u2013 pro Tag<\/strong><\/p>\n\n\n\n<p>Ab 2025 m\u00fcssen Urlauber in der Hauptsaison vier Euro und in der Nebensaison drei Euro pro Tag f\u00fcr den Strandbesuch zahlen. Bislang lag der Preis in der Hauptsaison bei drei Euro und in der Nebensaison bei zwei Euro. Positiv: Kinder und Jugendliche bis 18 Jahre sind weiterhin von der Abgabe befreit. Auch f\u00fcr Schwerbehinderte, Sch\u00fcler, Azubis und Studenten gibt es erm\u00e4\u00dfigte Tarife von mindestens 50 Prozent.<\/p>\n\n\n\n<p>Die Erh\u00f6hung wurde mit gestiegenen Kosten begr\u00fcndet. Katharina Schirmbeck, Tourismus-Direktorin von St. Peter-Ording, erkl\u00e4rte: \u201eDer G\u00e4stebeitrag war viele Jahre unver\u00e4ndert und wurde zuletzt 2007 leicht erh\u00f6ht. Angesichts der gestiegenen Kosten ist eine Anpassung der Kurabgabe notwendig.\u201c Die Kalkulation der Kurtaxe erfolgt alle drei Jahre, und die neuen Tarife gelten nun f\u00fcr den Zeitraum von 2025 bis 2027. Neu ist zudem, dass es ab 2025 nur noch zwei statt drei Saisonzeiten geben wird.<\/p>\n\n\n\n<p><strong>Wof\u00fcr wird die Kurtaxe verwendet?<\/strong><\/p>\n\n\n\n<p>Die Einnahmen aus der Kurtaxe flie\u00dfen in die Finanzierung der Urlaubsinfrastruktur von St. Peter-Ording. Dazu geh\u00f6ren unter anderem die Rettungsschwimmer, die Strandreinigung sowie die Instandhaltung von Sehensw\u00fcrdigkeiten wie der Erlebnis-Promenade und der Seebr\u00fccke. Auch kostenfreie Veranstaltungen vor Ort, der Betrieb der D\u00fcnen-Therme und Kinderaktivit\u00e4ten im Erlebnis-Hus werden durch die Kurtaxe unterst\u00fctzt.<\/p>\n","protected":false},"excerpt":{"rendered":"<p>Sonne, Wind und einer der sch\u00f6nsten Str\u00e4nde der Nordsee: St. Peter-Ording z\u00e4hlt zu den beliebtesten Urlaubszielen im Norden. Doch nun gibt es eine unerfreuliche Nachricht f\u00fcr Touristen: Die Kurtaxe wird [&hellip;]<\/p>\n","protected":false},"author":1,"featured_media":175,"comment_status":"open","ping_status":"open","sticky":false,"template":"","format":"standard","meta":{"_price":"","_stock":"","_tribe_ticket_header":"","_tribe_default_ticket_provider":"","_tribe_ticket_capacity":"0","_ticket_start_date":"","_ticket_end_date":"","_tribe_ticket_show_description":"","_tribe_ticket_show_not_going":false,"_tribe_ticket_use_global_stock":"","_tribe_ticket_global_stock_level":"","_global_stock_mode":"","_global_stock_cap":"","_tribe_rsvp_for_event":"","_tribe_ticket_going_count":"","_tribe_ticket_not_going_count":"","_tribe_tickets_list":"[]","_tribe_ticket_has_attendee_info_fields":false,"_jetpack_memberships_contains_paid_content":false,"footnotes":"","jetpack_publicize_message":"","jetpack_publicize_feature_enabled":true,"jetpack_social_post_already_shared":false,"jetpack_social_options":{"image_generator_settings":{"template":"highway","default_image_id":0,"font":"","enabled":false},"version":2},"_tec_slr_enabled":"","_tec_slr_layout":""},"categories":[3],"tags":[],"class_list":["post-588","post","type-post","status-publish","format-standard","has-post-thumbnail","hentry","category-reisen"],"yoast_head":"<!-- This site is optimized with the Yoast SEO plugin v27.4 - https:\/\/yoast.com\/product\/yoast-seo-wordpress\/ -->\n<title>Urlaub an der Nordsee wird teurer: Kurtaxe in St. Peter-Ording steigt - Freizeit Fokus<\/title>\n<meta name=\"robots\" content=\"index, follow, max-snippet:-1, max-image-preview:large, max-video-preview:-1\" \/>\n<link rel=\"canonical\" href=\"https:\/\/freizeitfokus.com\/?p=588\" \/>\n<meta property=\"og:locale\" content=\"de_DE\" \/>\n<meta property=\"og:type\" content=\"article\" \/>\n<meta property=\"og:title\" content=\"Urlaub an der Nordsee wird teurer: Kurtaxe in St. Peter-Ording steigt - Freizeit Fokus\" \/>\n<meta property=\"og:description\" content=\"Sonne, Wind und einer der sch\u00f6nsten Str\u00e4nde der Nordsee: St. Peter-Ording z\u00e4hlt zu den beliebtesten Urlaubszielen im Norden. Doch nun gibt es eine\" \/>\n<meta property=\"og:url\" content=\"https:\/\/freizeitfokus.com\/?p=588\" \/>\n<meta property=\"og:site_name\" content=\"Freizeit Fokus\" \/>\n<meta property=\"article:published_time\" content=\"2024-10-19T00:43:45+00:00\" \/>\n<meta property=\"article:modified_time\" content=\"2024-10-19T00:44:19+00:00\" \/>\n<meta property=\"og:image\" content=\"https:\/\/freizeitfokus.com\/wp-content\/uploads\/2023\/12\/eb050334bee648efa9944b678a56172a.png\" \/>\n\t<meta property=\"og:image:width\" content=\"200\" \/>\n\t<meta property=\"og:image:height\" content=\"200\" \/>\n\t<meta property=\"og:image:type\" content=\"image\/png\" \/>\n<meta name=\"author\" content=\"KaPeHo\" \/>\n<meta name=\"twitter:card\" content=\"summary_large_image\" \/>\n<meta name=\"twitter:label1\" content=\"Verfasst von\" \/>\n\t<meta name=\"twitter:data1\" content=\"KaPeHo\" \/>\n\t<meta name=\"twitter:label2\" content=\"Gesch\u00e4tzte Lesezeit\" \/>\n\t<meta name=\"twitter:data2\" content=\"2\u00a0Minuten\" \/>\n<script type=\"application\/ld+json\" class=\"yoast-schema-graph\">{\"@context\":\"https:\\\/\\\/schema.org\",\"@graph\":[{\"@type\":\"Article\",\"@id\":\"https:\\\/\\\/freizeitfokus.com\\\/?p=588#article\",\"isPartOf\":{\"@id\":\"https:\\\/\\\/freizeitfokus.com\\\/?p=588\"},\"author\":{\"name\":\"KaPeHo\",\"@id\":\"https:\\\/\\\/freizeitfokus.com\\\/#\\\/schema\\\/person\\\/11261ffb375eb6af471063d917fd2cd2\"},\"headline\":\"Urlaub an der Nordsee wird teurer: Kurtaxe in St. Peter-Ording steigt\",\"datePublished\":\"2024-10-19T00:43:45+00:00\",\"dateModified\":\"2024-10-19T00:44:19+00:00\",\"mainEntityOfPage\":{\"@id\":\"https:\\\/\\\/freizeitfokus.com\\\/?p=588\"},\"wordCount\":311,\"commentCount\":0,\"image\":{\"@id\":\"https:\\\/\\\/freizeitfokus.com\\\/?p=588#primaryimage\"},\"thumbnailUrl\":\"https:\\\/\\\/freizeitfokus.com\\\/wp-content\\\/uploads\\\/2023\\\/12\\\/eb050334bee648efa9944b678a56172a.png\",\"articleSection\":[\"Reisen\"],\"inLanguage\":\"de\",\"potentialAction\":[{\"@type\":\"CommentAction\",\"name\":\"Comment\",\"target\":[\"https:\\\/\\\/freizeitfokus.com\\\/?p=588#respond\"]}]},{\"@type\":\"WebPage\",\"@id\":\"https:\\\/\\\/freizeitfokus.com\\\/?p=588\",\"url\":\"https:\\\/\\\/freizeitfokus.com\\\/?p=588\",\"name\":\"Urlaub an der Nordsee wird teurer: Kurtaxe in St. Peter-Ording steigt - Freizeit Fokus\",\"isPartOf\":{\"@id\":\"https:\\\/\\\/freizeitfokus.com\\\/#website\"},\"primaryImageOfPage\":{\"@id\":\"https:\\\/\\\/freizeitfokus.com\\\/?p=588#primaryimage\"},\"image\":{\"@id\":\"https:\\\/\\\/freizeitfokus.com\\\/?p=588#primaryimage\"},\"thumbnailUrl\":\"https:\\\/\\\/freizeitfokus.com\\\/wp-content\\\/uploads\\\/2023\\\/12\\\/eb050334bee648efa9944b678a56172a.png\",\"datePublished\":\"2024-10-19T00:43:45+00:00\",\"dateModified\":\"2024-10-19T00:44:19+00:00\",\"author\":{\"@id\":\"https:\\\/\\\/freizeitfokus.com\\\/#\\\/schema\\\/person\\\/11261ffb375eb6af471063d917fd2cd2\"},\"breadcrumb\":{\"@id\":\"https:\\\/\\\/freizeitfokus.com\\\/?p=588#breadcrumb\"},\"inLanguage\":\"de\",\"potentialAction\":[{\"@type\":\"ReadAction\",\"target\":[\"https:\\\/\\\/freizeitfokus.com\\\/?p=588\"]}]},{\"@type\":\"ImageObject\",\"inLanguage\":\"de\",\"@id\":\"https:\\\/\\\/freizeitfokus.com\\\/?p=588#primaryimage\",\"url\":\"https:\\\/\\\/freizeitfokus.com\\\/wp-content\\\/uploads\\\/2023\\\/12\\\/eb050334bee648efa9944b678a56172a.png\",\"contentUrl\":\"https:\\\/\\\/freizeitfokus.com\\\/wp-content\\\/uploads\\\/2023\\\/12\\\/eb050334bee648efa9944b678a56172a.png\",\"width\":200,\"height\":200},{\"@type\":\"BreadcrumbList\",\"@id\":\"https:\\\/\\\/freizeitfokus.com\\\/?p=588#breadcrumb\",\"itemListElement\":[{\"@type\":\"ListItem\",\"position\":1,\"name\":\"Home\",\"item\":\"https:\\\/\\\/freizeitfokus.com\\\/\"},{\"@type\":\"ListItem\",\"position\":2,\"name\":\"Urlaub an der Nordsee wird teurer: Kurtaxe in St. Peter-Ording steigt\"}]},{\"@type\":\"WebSite\",\"@id\":\"https:\\\/\\\/freizeitfokus.com\\\/#website\",\"url\":\"https:\\\/\\\/freizeitfokus.com\\\/\",\"name\":\"Freizeit Fokus\",\"description\":\"Dein unabh\u00e4ngiges Online-Magazin f\u00fcr Erlebnisse und Freizeit\",\"potentialAction\":[{\"@type\":\"SearchAction\",\"target\":{\"@type\":\"EntryPoint\",\"urlTemplate\":\"https:\\\/\\\/freizeitfokus.com\\\/?s={search_term_string}\"},\"query-input\":{\"@type\":\"PropertyValueSpecification\",\"valueRequired\":true,\"valueName\":\"search_term_string\"}}],\"inLanguage\":\"de\"},{\"@type\":\"Person\",\"@id\":\"https:\\\/\\\/freizeitfokus.com\\\/#\\\/schema\\\/person\\\/11261ffb375eb6af471063d917fd2cd2\",\"name\":\"KaPeHo\",\"image\":{\"@type\":\"ImageObject\",\"inLanguage\":\"de\",\"@id\":\"https:\\\/\\\/secure.gravatar.com\\\/avatar\\\/2136294956f210af857ae84ebbbd49e091f45791b0cfdcdc7ee3d8232d67a99d?s=96&r=g&d=https:\\\/\\\/freizeitfokus.com\\\/wp-content\\\/plugins\\\/userswp\\\/assets\\\/images\\\/no_profile.png\",\"url\":\"https:\\\/\\\/secure.gravatar.com\\\/avatar\\\/2136294956f210af857ae84ebbbd49e091f45791b0cfdcdc7ee3d8232d67a99d?s=96&r=g&d=https:\\\/\\\/freizeitfokus.com\\\/wp-content\\\/plugins\\\/userswp\\\/assets\\\/images\\\/no_profile.png\",\"contentUrl\":\"https:\\\/\\\/secure.gravatar.com\\\/avatar\\\/2136294956f210af857ae84ebbbd49e091f45791b0cfdcdc7ee3d8232d67a99d?s=96&r=g&d=https:\\\/\\\/freizeitfokus.com\\\/wp-content\\\/plugins\\\/userswp\\\/assets\\\/images\\\/no_profile.png\",\"caption\":\"KaPeHo\"},\"sameAs\":[\"https:\\\/\\\/freizeitfokus.com\"],\"url\":\"https:\\\/\\\/freizeitfokus.com\\\/?page_id=37059\\\/kapeho\"}]}<\/script>\n<!-- \/ Yoast SEO plugin. -->","yoast_head_json":{"title":"Urlaub an der Nordsee wird teurer: Kurtaxe in St. Peter-Ording steigt - Freizeit Fokus","robots":{"index":"index","follow":"follow","max-snippet":"max-snippet:-1","max-image-preview":"max-image-preview:large","max-video-preview":"max-video-preview:-1"},"canonical":"https:\/\/freizeitfokus.com\/?p=588","og_locale":"de_DE","og_type":"article","og_title":"Urlaub an der Nordsee wird teurer: Kurtaxe in St. Peter-Ording steigt - Freizeit Fokus","og_description":"Sonne, Wind und einer der sch\u00f6nsten Str\u00e4nde der Nordsee: St. Peter-Ording z\u00e4hlt zu den beliebtesten Urlaubszielen im Norden. Doch nun gibt es eine","og_url":"https:\/\/freizeitfokus.com\/?p=588","og_site_name":"Freizeit Fokus","article_published_time":"2024-10-19T00:43:45+00:00","article_modified_time":"2024-10-19T00:44:19+00:00","og_image":[{"width":200,"height":200,"url":"https:\/\/freizeitfokus.com\/wp-content\/uploads\/2023\/12\/eb050334bee648efa9944b678a56172a.png","type":"image\/png"}],"author":"KaPeHo","twitter_card":"summary_large_image","twitter_misc":{"Verfasst von":"KaPeHo","Gesch\u00e4tzte Lesezeit":"2\u00a0Minuten"},"schema":{"@context":"https:\/\/schema.org","@graph":[{"@type":"Article","@id":"https:\/\/freizeitfokus.com\/?p=588#article","isPartOf":{"@id":"https:\/\/freizeitfokus.com\/?p=588"},"author":{"name":"KaPeHo","@id":"https:\/\/freizeitfokus.com\/#\/schema\/person\/11261ffb375eb6af471063d917fd2cd2"},"headline":"Urlaub an der Nordsee wird teurer: Kurtaxe in St. Peter-Ording steigt","datePublished":"2024-10-19T00:43:45+00:00","dateModified":"2024-10-19T00:44:19+00:00","mainEntityOfPage":{"@id":"https:\/\/freizeitfokus.com\/?p=588"},"wordCount":311,"commentCount":0,"image":{"@id":"https:\/\/freizeitfokus.com\/?p=588#primaryimage"},"thumbnailUrl":"https:\/\/freizeitfokus.com\/wp-content\/uploads\/2023\/12\/eb050334bee648efa9944b678a56172a.png","articleSection":["Reisen"],"inLanguage":"de","potentialAction":[{"@type":"CommentAction","name":"Comment","target":["https:\/\/freizeitfokus.com\/?p=588#respond"]}]},{"@type":"WebPage","@id":"https:\/\/freizeitfokus.com\/?p=588","url":"https:\/\/freizeitfokus.com\/?p=588","name":"Urlaub an der Nordsee wird teurer: Kurtaxe in St. Peter-Ording steigt - Freizeit Fokus","isPartOf":{"@id":"https:\/\/freizeitfokus.com\/#website"},"primaryImageOfPage":{"@id":"https:\/\/freizeitfokus.com\/?p=588#primaryimage"},"image":{"@id":"https:\/\/freizeitfokus.com\/?p=588#primaryimage"},"thumbnailUrl":"https:\/\/freizeitfokus.com\/wp-content\/uploads\/2023\/12\/eb050334bee648efa9944b678a56172a.png","datePublished":"2024-10-19T00:43:45+00:00","dateModified":"2024-10-19T00:44:19+00:00","author":{"@id":"https:\/\/freizeitfokus.com\/#\/schema\/person\/11261ffb375eb6af471063d917fd2cd2"},"breadcrumb":{"@id":"https:\/\/freizeitfokus.com\/?p=588#breadcrumb"},"inLanguage":"de","potentialAction":[{"@type":"ReadAction","target":["https:\/\/freizeitfokus.com\/?p=588"]}]},{"@type":"ImageObject","inLanguage":"de","@id":"https:\/\/freizeitfokus.com\/?p=588#primaryimage","url":"https:\/\/freizeitfokus.com\/wp-content\/uploads\/2023\/12\/eb050334bee648efa9944b678a56172a.png","contentUrl":"https:\/\/freizeitfokus.com\/wp-content\/uploads\/2023\/12\/eb050334bee648efa9944b678a56172a.png","width":200,"height":200},{"@type":"BreadcrumbList","@id":"https:\/\/freizeitfokus.com\/?p=588#breadcrumb","itemListElement":[{"@type":"ListItem","position":1,"name":"Home","item":"https:\/\/freizeitfokus.com\/"},{"@type":"ListItem","position":2,"name":"Urlaub an der Nordsee wird teurer: Kurtaxe in St. Peter-Ording steigt"}]},{"@type":"WebSite","@id":"https:\/\/freizeitfokus.com\/#website","url":"https:\/\/freizeitfokus.com\/","name":"Freizeit Fokus","description":"Dein unabh\u00e4ngiges Online-Magazin f\u00fcr Erlebnisse und Freizeit","potentialAction":[{"@type":"SearchAction","target":{"@type":"EntryPoint","urlTemplate":"https:\/\/freizeitfokus.com\/?s={search_term_string}"},"query-input":{"@type":"PropertyValueSpecification","valueRequired":true,"valueName":"search_term_string"}}],"inLanguage":"de"},{"@type":"Person","@id":"https:\/\/freizeitfokus.com\/#\/schema\/person\/11261ffb375eb6af471063d917fd2cd2","name":"KaPeHo","image":{"@type":"ImageObject","inLanguage":"de","@id":"https:\/\/secure.gravatar.com\/avatar\/2136294956f210af857ae84ebbbd49e091f45791b0cfdcdc7ee3d8232d67a99d?s=96&r=g&d=https:\/\/freizeitfokus.com\/wp-content\/plugins\/userswp\/assets\/images\/no_profile.png","url":"https:\/\/secure.gravatar.com\/avatar\/2136294956f210af857ae84ebbbd49e091f45791b0cfdcdc7ee3d8232d67a99d?s=96&r=g&d=https:\/\/freizeitfokus.com\/wp-content\/plugins\/userswp\/assets\/images\/no_profile.png","contentUrl":"https:\/\/secure.gravatar.com\/avatar\/2136294956f210af857ae84ebbbd49e091f45791b0cfdcdc7ee3d8232d67a99d?s=96&r=g&d=https:\/\/freizeitfokus.com\/wp-content\/plugins\/userswp\/assets\/images\/no_profile.png","caption":"KaPeHo"},"sameAs":["https:\/\/freizeitfokus.com"],"url":"https:\/\/freizeitfokus.com\/?page_id=37059\/kapeho"}]}},"jetpack_publicize_connections":[],"jetpack_featured_media_url":"https:\/\/freizeitfokus.com\/wp-content\/uploads\/2023\/12\/eb050334bee648efa9944b678a56172a.png","jetpack_sharing_enabled":true,"ticketed":false,"_links":{"self":[{"href":"https:\/\/freizeitfokus.com\/index.php?rest_route=\/wp\/v2\/posts\/588","targetHints":{"allow":["GET"]}}],"collection":[{"href":"https:\/\/freizeitfokus.com\/index.php?rest_route=\/wp\/v2\/posts"}],"about":[{"href":"https:\/\/freizeitfokus.com\/index.php?rest_route=\/wp\/v2\/types\/post"}],"author":[{"embeddable":true,"href":"https:\/\/freizeitfokus.com\/index.php?rest_route=\/wp\/v2\/users\/1"}],"replies":[{"embeddable":true,"href":"https:\/\/freizeitfokus.com\/index.php?rest_route=%2Fwp%2Fv2%2Fcomments&post=588"}],"version-history":[{"count":0,"href":"https:\/\/freizeitfokus.com\/index.php?rest_route=\/wp\/v2\/posts\/588\/revisions"}],"wp:featuredmedia":[{"embeddable":true,"href":"https:\/\/freizeitfokus.com\/index.php?rest_route=\/wp\/v2\/media\/175"}],"wp:attachment":[{"href":"https:\/\/freizeitfokus.com\/index.php?rest_route=%2Fwp%2Fv2%2Fmedia&parent=588"}],"wp:term":[{"taxonomy":"category","embeddable":true,"href":"https:\/\/freizeitfokus.com\/index.php?rest_route=%2Fwp%2Fv2%2Fcategories&post=588"},{"taxonomy":"post_tag","embeddable":true,"href":"https:\/\/freizeitfokus.com\/index.php?rest_route=%2Fwp%2Fv2%2Ftags&post=588"}],"curies":[{"name":"wp","href":"https:\/\/api.w.org\/{rel}","templated":true}]}}